{"id":6283,"date":"2019-10-14T09:07:55","date_gmt":"2019-10-14T07:07:55","guid":{"rendered":"http:\/\/agora.xtec.cat\/ceip-lasardana\/?p=6283"},"modified":"2019-10-14T09:07:55","modified_gmt":"2019-10-14T07:07:55","slug":"la-sardana-participara-a-la-setmana-bio-a-lescola","status":"publish","type":"post","link":"https:\/\/agora.xtec.cat\/ceip-lasardana\/general\/la-sardana-participara-a-la-setmana-bio-a-lescola\/","title":{"rendered":"La Sardana participar\u00e0 a la Setmana Bio a l&#8217;escola."},"content":{"rendered":"<p><a href=\"https:\/\/agora.xtec.cat\/ceip-lasardana\/wp-content\/uploads\/usu659\/2019\/10\/EF8CuHZXoAE3NR_.jpg\"><img loading=\"lazy\" decoding=\"async\" class=\"wp-image-6284 alignleft\" src=\"https:\/\/agora.xtec.cat\/ceip-lasardana\/wp-content\/uploads\/usu659\/2019\/10\/EF8CuHZXoAE3NR_-724x1024.jpg\" alt=\"\" width=\"293\" height=\"415\" srcset=\"https:\/\/agora.xtec.cat\/ceip-lasardana\/wp-content\/uploads\/usu659\/2019\/10\/EF8CuHZXoAE3NR_-724x1024.jpg 724w, https:\/\/agora.xtec.cat\/ceip-lasardana\/wp-content\/uploads\/usu659\/2019\/10\/EF8CuHZXoAE3NR_-212x300.jpg 212w, https:\/\/agora.xtec.cat\/ceip-lasardana\/wp-content\/uploads\/usu659\/2019\/10\/EF8CuHZXoAE3NR_-768x1086.jpg 768w, https:\/\/agora.xtec.cat\/ceip-lasardana\/wp-content\/uploads\/usu659\/2019\/10\/EF8CuHZXoAE3NR_.jpg 849w\" sizes=\"auto, (max-width: 293px) 100vw, 293px\" \/><\/a>D&#8217;aqu\u00ed uns dies comen\u00e7a la <span class=\"s1\"><strong>Setmana Bio per l\u2019alimentaci\u00f3 ecol\u00f2gica<\/strong>\u00a0<\/span>, una setmana que va\u00a0<strong>del 19 al 27 d\u2019octubre<\/strong>\u00a0 on l\u2019<span class=\"s1\">objectiu \u00e9s donar a con\u00e8ixer la producci\u00f3 agr\u00e0ria i l\u2019alimentaci\u00f3 ecol\u00f2gica.<strong><br \/>\n<\/strong><\/span><\/p>\n<p>En aquest enlla\u00e7 podeu veure totes les propostes d\u2019arreu de Catalunya:<\/p>\n<p><a href=\"http:\/\/setmanabio.cat\/\">setmanabio.cat<\/a><\/p>\n<p>En l\u2019apartat <strong>\u00a0Setmana Bio a l&#8217;escola\u00a0<\/strong>La Sardana s&#8217;hi suma organitzant la <strong>Jornada d&#8217;entrega del VII Premi Escola, Agricultura i Alimentaci\u00f3 Ecol\u00f2gica.<\/strong><\/p>\n<p>Amb motiu del 1r premi obtingut el curs anterior la nostra escola ser\u00e0 l&#8217;amfitriona en l&#8217;entrega de la present edici\u00f3. Per aquesta ra\u00f3 realitzarem diferents propostes : tallers mediambientals (hortimecres) amb la participaci\u00f3 de fam\u00edlies , photocall pels convidats, prepararem un esmorzar saludable, exposici\u00f3 del nostre projecte i les seves activitats&#8230; I presentaci\u00f3 dels finalistes i guanyadors de l&#8217;edici\u00f3 2019.<\/p>\n<p>&nbsp;<\/p>\n<p>&nbsp;<\/p>\n","protected":false},"excerpt":{"rendered":"<p><a href=\"https:\/\/agora.xtec.cat\/ceip-lasardana\/wp-content\/uploads\/usu659\/2019\/10\/EF8CuHZXoAE3NR_.jpg\"><\/a>D&#8217;aqu\u00ed uns dies comen\u00e7a la Setmana Bio per l\u2019alimentaci\u00f3 ecol\u00f2gica\u00a0, una setmana que va\u00a0del 19 al 27 d\u2019octubre\u00a0 on l\u2019objectiu \u00e9s donar a con\u00e8ixer la producci\u00f3 agr\u00e0ria i l\u2019alimentaci\u00f3 ecol\u00f2gica.<\/p>\n<p>En aquest enlla\u00e7 podeu veure totes les propostes d\u2019arreu de Catalunya:<br \/>\n<a href=\"http:\/\/setmanabio.cat\/\">setmanabio.cat<\/a><br \/>\nEn l\u2019apartat \u00a0Setmana Bio&hellip;  <a href=\"https:\/\/agora.xtec.cat\/ceip-lasardana\/general\/la-sardana-participara-a-la-setmana-bio-a-lescola\/\" title=\"Read La Sardana participar\u00e0 a la Setmana Bio a l&#8217;escola.\">Llegeix m\u00e9s\u00bb<\/a><\/p>\n","protected":false},"author":8,"featured_media":6275,"comment_status":"open","ping_status":"closed","sticky":false,"template":"","format":"standard","meta":{"_bbp_topic_count":0,"_bbp_reply_count":0,"_bbp_total_topic_count":0,"_bbp_total_reply_count":0,"_bbp_voice_count":0,"_bbp_anonymous_reply_count":0,"_bbp_topic_count_hidden":0,"_bbp_reply_count_hidden":0,"_bbp_forum_subforum_count":0,"footnotes":""},"categories":[98,22,1,4],"tags":[],"class_list":["post-6283","post","type-post","status-publish","format-standard","has-post-thumbnail","hentry","category-aula-de-ciencies","category-escola-verda","category-general","category-portada"],"post_mailing_queue_ids":[],"_links":{"self":[{"href":"https:\/\/agora.xtec.cat\/ceip-lasardana\/wp-json\/wp\/v2\/posts\/6283","targetHints":{"allow":["GET"]}}],"collection":[{"href":"https:\/\/agora.xtec.cat\/ceip-lasardana\/wp-json\/wp\/v2\/posts"}],"about":[{"href":"https:\/\/agora.xtec.cat\/ceip-lasardana\/wp-json\/wp\/v2\/types\/post"}],"author":[{"embeddable":true,"href":"https:\/\/agora.xtec.cat\/ceip-lasardana\/wp-json\/wp\/v2\/users\/8"}],"replies":[{"embeddable":true,"href":"https:\/\/agora.xtec.cat\/ceip-lasardana\/wp-json\/wp\/v2\/comments?post=6283"}],"version-history":[{"count":2,"href":"https:\/\/agora.xtec.cat\/ceip-lasardana\/wp-json\/wp\/v2\/posts\/6283\/revisions"}],"predecessor-version":[{"id":6293,"href":"https:\/\/agora.xtec.cat\/ceip-lasardana\/wp-json\/wp\/v2\/posts\/6283\/revisions\/6293"}],"wp:featuredmedia":[{"embeddable":true,"href":"https:\/\/agora.xtec.cat\/ceip-lasardana\/wp-json\/wp\/v2\/media\/6275"}],"wp:attachment":[{"href":"https:\/\/agora.xtec.cat\/ceip-lasardana\/wp-json\/wp\/v2\/media?parent=6283"}],"wp:term":[{"taxonomy":"category","embeddable":true,"href":"https:\/\/agora.xtec.cat\/ceip-lasardana\/wp-json\/wp\/v2\/categories?post=6283"},{"taxonomy":"post_tag","embeddable":true,"href":"https:\/\/agora.xtec.cat\/ceip-lasardana\/wp-json\/wp\/v2\/tags?post=6283"}],"curies":[{"name":"wp","href":"https:\/\/api.w.org\/{rel}","templated":true}]}}