{"id":6042,"date":"2019-05-03T11:09:10","date_gmt":"2019-05-03T09:09:10","guid":{"rendered":"http:\/\/agora.xtec.cat\/ceip-lasardana\/?p=6042"},"modified":"2019-05-08T13:49:34","modified_gmt":"2019-05-08T11:49:34","slug":"diagnosi-de-la-convivencia-formulari-families","status":"publish","type":"post","link":"https:\/\/agora.xtec.cat\/ceip-lasardana\/general\/diagnosi-de-la-convivencia-formulari-families\/","title":{"rendered":"Diagnosi de la Conviv\u00e8ncia (Formulari fam\u00edlies)"},"content":{"rendered":"<p><a href=\"https:\/\/agora.xtec.cat\/ceip-lasardana\/wp-content\/uploads\/usu659\/2019\/05\/Convivencia.jpg\"><img loading=\"lazy\" decoding=\"async\" class=\"alignnone size-full wp-image-6061\" src=\"https:\/\/agora.xtec.cat\/ceip-lasardana\/wp-content\/uploads\/usu659\/2019\/05\/Convivencia.jpg\" alt=\"\" width=\"510\" height=\"297\" srcset=\"https:\/\/agora.xtec.cat\/ceip-lasardana\/wp-content\/uploads\/usu659\/2019\/05\/Convivencia.jpg 510w, https:\/\/agora.xtec.cat\/ceip-lasardana\/wp-content\/uploads\/usu659\/2019\/05\/Convivencia-300x175.jpg 300w\" sizes=\"auto, (max-width: 510px) 100vw, 510px\" \/><\/a>\u00a0 \u00a0 \u00a0 \u00a0<strong>Accediu al <\/strong><strong><a href=\"https:\/\/forms.gle\/uzJKCi8enjxiJV8B6\" target=\"_blank\" rel=\"noopener\">formulari<\/a>.<\/strong><\/p>\n<p>Benvolgudes fam\u00edlies,<\/p>\n<p>L&#8217;escola est\u00e0 en proc\u00e9s d&#8217;elaboraci\u00f3 del nostre Projecte de Conviv\u00e8ncia. En aquest document es pret\u00e9n reflectir les accions que es desenvolupin per tal de\u00a0 capacitar tot l&#8217;alumnat i la resta de la comunitat educativa per a la conviv\u00e8ncia i la gesti\u00f3 positiva dels conflictes.<\/p>\n<p>Podeu consultar la normativa per la qual s&#8217;estableix l&#8217;elaboraci\u00f3 del Projecte en l&#8217;enlla\u00e7 seg\u00fcent:<\/p>\n<p><a href=\"https:\/\/dogc.gencat.cat\/ca\/pdogc_canals_interns\/pdogc_resultats_fitxa\/?action=fitxa&amp;mode=single&amp;documentId=781530&amp;language=ca_ES\" target=\"_blank\" rel=\"noopener\">Resoluci\u00f3 ENS\/585\/2017,<\/a>de 17 de mar\u00e7, per la qual s&#8217;estableix l&#8217;elaboraci\u00f3 i la implementaci\u00f3 del Projecte de Conviv\u00e8ncia en els centres educatius dins el marc del Projecte Educatiu de Centre.<\/p>\n<p>Per tal de fer una diagnosi inicial de la conviv\u00e8ncia al nostre centre cal tenir la visi\u00f3 de tots els sectors que formen la comunitat educativa (alumnes, mestres, fam\u00edlies i personal no docent). Us demanem uns minuts per contestar aquest formulari de manera an\u00f2nima, ens ajudar\u00e0 molt.<\/p>\n<p><strong>Aquest formulari estar\u00e0 obert per rebre respostes fins el 17 de maig de 2019<\/strong><\/p>\n<p>Moltes gr\u00e0cies per la vostra col\u00b7laboraci\u00f3!<\/p>\n<p>&nbsp;<\/p>\n<p>&nbsp;<\/p>\n<div><\/div>\n<div><\/div>\n<div><\/div>\n","protected":false},"excerpt":{"rendered":"<p><a href=\"https:\/\/agora.xtec.cat\/ceip-lasardana\/wp-content\/uploads\/usu659\/2019\/05\/Convivencia.jpg\"><\/a>\u00a0 \u00a0 \u00a0 \u00a0Accediu al <a href=\"https:\/\/forms.gle\/uzJKCi8enjxiJV8B6\" target=\"_blank\" rel=\"noopener\">formulari<\/a>.<br \/>\nBenvolgudes fam\u00edlies,<br \/>\nL&#8217;escola est\u00e0 en proc\u00e9s d&#8217;elaboraci\u00f3 del nostre Projecte de Conviv\u00e8ncia. En aquest document es pret\u00e9n reflectir les accions que es desenvolupin per tal de\u00a0 capacitar tot l&#8217;alumnat i la resta de la comunitat educativa per&hellip;  <a href=\"https:\/\/agora.xtec.cat\/ceip-lasardana\/general\/diagnosi-de-la-convivencia-formulari-families\/\" title=\"Read Diagnosi de la Conviv\u00e8ncia (Formulari fam\u00edlies)\">Llegeix m\u00e9s\u00bb<\/a><\/p>\n","protected":false},"author":12,"featured_media":6061,"comment_status":"open","ping_status":"closed","sticky":false,"template":"","format":"standard","meta":{"_bbp_topic_count":0,"_bbp_reply_count":0,"_bbp_total_topic_count":0,"_bbp_total_reply_count":0,"_bbp_voice_count":0,"_bbp_anonymous_reply_count":0,"_bbp_topic_count_hidden":0,"_bbp_reply_count_hidden":0,"_bbp_forum_subforum_count":0,"footnotes":""},"categories":[1,4],"tags":[],"class_list":["post-6042","post","type-post","status-publish","format-standard","has-post-thumbnail","hentry","category-general","category-portada"],"post_mailing_queue_ids":[],"_links":{"self":[{"href":"https:\/\/agora.xtec.cat\/ceip-lasardana\/wp-json\/wp\/v2\/posts\/6042","targetHints":{"allow":["GET"]}}],"collection":[{"href":"https:\/\/agora.xtec.cat\/ceip-lasardana\/wp-json\/wp\/v2\/posts"}],"about":[{"href":"https:\/\/agora.xtec.cat\/ceip-lasardana\/wp-json\/wp\/v2\/types\/post"}],"author":[{"embeddable":true,"href":"https:\/\/agora.xtec.cat\/ceip-lasardana\/wp-json\/wp\/v2\/users\/12"}],"replies":[{"embeddable":true,"href":"https:\/\/agora.xtec.cat\/ceip-lasardana\/wp-json\/wp\/v2\/comments?post=6042"}],"version-history":[{"count":4,"href":"https:\/\/agora.xtec.cat\/ceip-lasardana\/wp-json\/wp\/v2\/posts\/6042\/revisions"}],"predecessor-version":[{"id":6067,"href":"https:\/\/agora.xtec.cat\/ceip-lasardana\/wp-json\/wp\/v2\/posts\/6042\/revisions\/6067"}],"wp:featuredmedia":[{"embeddable":true,"href":"https:\/\/agora.xtec.cat\/ceip-lasardana\/wp-json\/wp\/v2\/media\/6061"}],"wp:attachment":[{"href":"https:\/\/agora.xtec.cat\/ceip-lasardana\/wp-json\/wp\/v2\/media?parent=6042"}],"wp:term":[{"taxonomy":"category","embeddable":true,"href":"https:\/\/agora.xtec.cat\/ceip-lasardana\/wp-json\/wp\/v2\/categories?post=6042"},{"taxonomy":"post_tag","embeddable":true,"href":"https:\/\/agora.xtec.cat\/ceip-lasardana\/wp-json\/wp\/v2\/tags?post=6042"}],"curies":[{"name":"wp","href":"https:\/\/api.w.org\/{rel}","templated":true}]}}