{"id":6031,"date":"2019-04-26T15:24:31","date_gmt":"2019-04-26T13:24:31","guid":{"rendered":"http:\/\/agora.xtec.cat\/ceip-lasardana\/?p=6031"},"modified":"2019-04-26T15:24:31","modified_gmt":"2019-04-26T13:24:31","slug":"colonies-al-cicle-inicial-i-cicle-mitja","status":"publish","type":"post","link":"https:\/\/agora.xtec.cat\/ceip-lasardana\/portada\/colonies-al-cicle-inicial-i-cicle-mitja\/","title":{"rendered":"Col\u00f2nies al cicle inicial i cicle mitj\u00e0"},"content":{"rendered":"<p>Els alumnes de l&#8217;escola de cicle mitj\u00e0 i cicle inicial han gaudit de 3 dies de col\u00f2nies a la casa &#8220;Castell de Fluvi\u00e0&#8221; ubicada al Parc Natural del Montseny. Un lloc privilegiat on els nostres nens i nenes han pogut realitzar moltes activitats vinculades amb aquest entorn natural: excursi\u00f3 pel bosc, ponts penjats, passeig en barca al llac, granja tirolina&#8230;<\/p>\n<p>D&#8217;altra banda, s\u00f3n uns dies on els nostres infants a m\u00e9s a m\u00e9s de passar-ho molt b\u00e9, desenvolupen habilitats d&#8217;autonomia i de socialitzaci\u00f3 creant vincles amb mestres i companys de l&#8217;escola d&#8217;altres cursos.<\/p>\n<p>Ens ho hem passat molt b\u00e9 i tornem amb ganes de repetir!<\/p>\n<p>&nbsp;<\/p>\n<p>&nbsp;<\/p>\n","protected":false},"excerpt":{"rendered":"<p>Els alumnes de l&#8217;escola de cicle mitj\u00e0 i cicle inicial han gaudit de 3 dies de col\u00f2nies a la casa &#8220;Castell de Fluvi\u00e0&#8221; ubicada al Parc Natural del Montseny. Un lloc privilegiat on els nostres nens i nenes han pogut realitzar moltes activitats vinculades amb&hellip;  <a href=\"https:\/\/agora.xtec.cat\/ceip-lasardana\/portada\/colonies-al-cicle-inicial-i-cicle-mitja\/\" title=\"Read Col\u00f2nies al cicle inicial i cicle mitj\u00e0\">Llegeix m\u00e9s\u00bb<\/a><\/p>\n","protected":false},"author":8,"featured_media":6032,"comment_status":"open","ping_status":"closed","sticky":false,"template":"","format":"standard","meta":{"_bbp_topic_count":0,"_bbp_reply_count":0,"_bbp_total_topic_count":0,"_bbp_total_reply_count":0,"_bbp_voice_count":0,"_bbp_anonymous_reply_count":0,"_bbp_topic_count_hidden":0,"_bbp_reply_count_hidden":0,"_bbp_forum_subforum_count":0,"footnotes":""},"categories":[10,11,12,13,47,4],"tags":[],"class_list":["post-6031","post","type-post","status-publish","format-standard","has-post-thumbnail","hentry","category-1r","category-2n","category-3r","category-4t","category-colonies","category-portada"],"post_mailing_queue_ids":[],"_links":{"self":[{"href":"https:\/\/agora.xtec.cat\/ceip-lasardana\/wp-json\/wp\/v2\/posts\/6031","targetHints":{"allow":["GET"]}}],"collection":[{"href":"https:\/\/agora.xtec.cat\/ceip-lasardana\/wp-json\/wp\/v2\/posts"}],"about":[{"href":"https:\/\/agora.xtec.cat\/ceip-lasardana\/wp-json\/wp\/v2\/types\/post"}],"author":[{"embeddable":true,"href":"https:\/\/agora.xtec.cat\/ceip-lasardana\/wp-json\/wp\/v2\/users\/8"}],"replies":[{"embeddable":true,"href":"https:\/\/agora.xtec.cat\/ceip-lasardana\/wp-json\/wp\/v2\/comments?post=6031"}],"version-history":[{"count":1,"href":"https:\/\/agora.xtec.cat\/ceip-lasardana\/wp-json\/wp\/v2\/posts\/6031\/revisions"}],"predecessor-version":[{"id":6033,"href":"https:\/\/agora.xtec.cat\/ceip-lasardana\/wp-json\/wp\/v2\/posts\/6031\/revisions\/6033"}],"wp:featuredmedia":[{"embeddable":true,"href":"https:\/\/agora.xtec.cat\/ceip-lasardana\/wp-json\/wp\/v2\/media\/6032"}],"wp:attachment":[{"href":"https:\/\/agora.xtec.cat\/ceip-lasardana\/wp-json\/wp\/v2\/media?parent=6031"}],"wp:term":[{"taxonomy":"category","embeddable":true,"href":"https:\/\/agora.xtec.cat\/ceip-lasardana\/wp-json\/wp\/v2\/categories?post=6031"},{"taxonomy":"post_tag","embeddable":true,"href":"https:\/\/agora.xtec.cat\/ceip-lasardana\/wp-json\/wp\/v2\/tags?post=6031"}],"curies":[{"name":"wp","href":"https:\/\/api.w.org\/{rel}","templated":true}]}}