{"id":5731,"date":"2019-02-03T13:09:10","date_gmt":"2019-02-03T12:09:10","guid":{"rendered":"http:\/\/agora.xtec.cat\/ceip-lasardana\/?p=5731"},"modified":"2019-02-19T12:22:31","modified_gmt":"2019-02-19T11:22:31","slug":"hortimecres-del-mes-de-febrer-3","status":"publish","type":"post","link":"https:\/\/agora.xtec.cat\/ceip-lasardana\/portada\/hortimecres-del-mes-de-febrer-3\/","title":{"rendered":"Hortimecres del mes de febrer."},"content":{"rendered":"<p><strong>Tallers del mes de febrer<br \/>\n<\/strong><\/p>\n<table border=\"1\">\n<tbody>\n<tr>\n<td>Dimecres 6<\/td>\n<td>juguem a petanca<\/td>\n<\/tr>\n<tr>\n<td>Dimecres 13<\/td>\n<td>Decorem un cd<\/td>\n<\/tr>\n<tr>\n<td>Dimecres 20<\/td>\n<td>portallapis<\/td>\n<\/tr>\n<tr>\n<td>Dimecres 27<\/td>\n<td>III cal\u00e7otada Escola La Sardana<\/td>\n<\/tr>\n<\/tbody>\n<\/table>\n<p>L\u2019hortimecres\u00a0vol cercar les connexions amb la part m\u00e9s l\u00fadica i divertida, tot realitzant tallers de caire mediambiental i proporcionant a m\u00e9s a m\u00e9s alternatives de joc als nostres infants a les hores d\u2019esbarjo.<\/p>\n<p>Recordem a totes les fam\u00edlies que estem oberts a la vostra participaci\u00f3 i col\u00b7laboraci\u00f3. Animeu-vos!<\/p>\n<div class=\"entry-summary\">\n<table style=\"height: 8px\" border=\"1\" width=\"5\">\n<tbody>\n<tr style=\"height: 17px\">\n<td style=\"width: 19px;height: 17px\"><\/td>\n<\/tr>\n<\/tbody>\n<\/table>\n<\/div>\n","protected":false},"excerpt":{"rendered":"<p>Tallers del mes de febrer<\/p>\n<p>Dimecres 6<br \/>\njuguem a petanca<\/p>\n<p>Dimecres 13<br \/>\nDecorem un cd<\/p>\n<p>Dimecres 20<br \/>\nportallapis<\/p>\n<p>Dimecres 27<br \/>\nIII cal\u00e7otada Escola La Sardana<\/p>\n<p>L\u2019hortimecres\u00a0vol cercar les connexions amb la part m\u00e9s l\u00fadica i divertida, tot realitzant tallers de caire mediambiental i proporcionant a m\u00e9s a m\u00e9s alternatives de joc als nostres infants&hellip;  <a href=\"https:\/\/agora.xtec.cat\/ceip-lasardana\/portada\/hortimecres-del-mes-de-febrer-3\/\" title=\"Read Hortimecres del mes de febrer.\">Llegeix m\u00e9s\u00bb<\/a><\/p>\n","protected":false},"author":8,"featured_media":0,"comment_status":"open","ping_status":"closed","sticky":false,"template":"","format":"standard","meta":{"_bbp_topic_count":0,"_bbp_reply_count":0,"_bbp_total_topic_count":0,"_bbp_total_reply_count":0,"_bbp_voice_count":0,"_bbp_anonymous_reply_count":0,"_bbp_topic_count_hidden":0,"_bbp_reply_count_hidden":0,"_bbp_forum_subforum_count":0,"footnotes":""},"categories":[22,4],"tags":[],"class_list":["post-5731","post","type-post","status-publish","format-standard","hentry","category-escola-verda","category-portada"],"post_mailing_queue_ids":[],"_links":{"self":[{"href":"https:\/\/agora.xtec.cat\/ceip-lasardana\/wp-json\/wp\/v2\/posts\/5731","targetHints":{"allow":["GET"]}}],"collection":[{"href":"https:\/\/agora.xtec.cat\/ceip-lasardana\/wp-json\/wp\/v2\/posts"}],"about":[{"href":"https:\/\/agora.xtec.cat\/ceip-lasardana\/wp-json\/wp\/v2\/types\/post"}],"author":[{"embeddable":true,"href":"https:\/\/agora.xtec.cat\/ceip-lasardana\/wp-json\/wp\/v2\/users\/8"}],"replies":[{"embeddable":true,"href":"https:\/\/agora.xtec.cat\/ceip-lasardana\/wp-json\/wp\/v2\/comments?post=5731"}],"version-history":[{"count":3,"href":"https:\/\/agora.xtec.cat\/ceip-lasardana\/wp-json\/wp\/v2\/posts\/5731\/revisions"}],"predecessor-version":[{"id":5743,"href":"https:\/\/agora.xtec.cat\/ceip-lasardana\/wp-json\/wp\/v2\/posts\/5731\/revisions\/5743"}],"wp:attachment":[{"href":"https:\/\/agora.xtec.cat\/ceip-lasardana\/wp-json\/wp\/v2\/media?parent=5731"}],"wp:term":[{"taxonomy":"category","embeddable":true,"href":"https:\/\/agora.xtec.cat\/ceip-lasardana\/wp-json\/wp\/v2\/categories?post=5731"},{"taxonomy":"post_tag","embeddable":true,"href":"https:\/\/agora.xtec.cat\/ceip-lasardana\/wp-json\/wp\/v2\/tags?post=5731"}],"curies":[{"name":"wp","href":"https:\/\/api.w.org\/{rel}","templated":true}]}}