{"id":5636,"date":"2018-12-24T17:12:22","date_gmt":"2018-12-24T16:12:22","guid":{"rendered":"http:\/\/agora.xtec.cat\/ceip-lasardana\/?p=5636"},"modified":"2018-12-24T17:12:22","modified_gmt":"2018-12-24T16:12:22","slug":"el-cicle-inicial-visita-el-centre-de-dia","status":"publish","type":"post","link":"https:\/\/agora.xtec.cat\/ceip-lasardana\/general\/el-cicle-inicial-visita-el-centre-de-dia\/","title":{"rendered":"El Cicle Inicial visita el centre de dia"},"content":{"rendered":"<p>Aquests dies tan especials i m\u00e0gics que vivim amb els infants s\u00f3n moments per reflexionar tamb\u00e9.\u00a0 La import\u00e0ncia de la familia, dels amics, de les persones amb qui compartim el nostre dia a dia, la nostra tribu, en definitiva. Al cicle inicial hem volgut fer un petit homenatge als nostres grans, als avis del nostre poble, que despr\u00e9s d&#8217;una vida ben llarga, han tornat mica en mica a l&#8217;inici del cam\u00ed, a ser tendres, innocents i vulnerables&#8230;a ser nens una altra vegada.<\/p>\n<p>Hem compartit una estoneta fant\u00e0stica plegats! Els hi hem cantat les can\u00e7ons que hem apr\u00e9s a l&#8217;aula de m\u00fasica i ells ens han obsequiat amb una nadala ben coneguda. Al final hem cantat junts la tornada. Hem viscut el veritable esperit del Nadal. Moltes gr\u00e0cies per la vostra rebuda! Fins l&#8217;any que ve!<\/p>\n<p><a href=\"https:\/\/photos.app.goo.gl\/jKtVLiv5cmhqTZDk9\">Cliqueu aqu\u00ed per veure un petit v\u00eddeo i algunes fotos.<\/a><\/p>\n<p>BONES FESTES I FELI\u00c7 2019!<\/p>\n","protected":false},"excerpt":{"rendered":"<p>Aquests dies tan especials i m\u00e0gics que vivim amb els infants s\u00f3n moments per reflexionar tamb\u00e9.\u00a0 La import\u00e0ncia de la familia, dels amics, de les persones amb qui compartim el nostre dia a dia, la nostra tribu, en definitiva. Al cicle inicial hem volgut fer&hellip;  <a href=\"https:\/\/agora.xtec.cat\/ceip-lasardana\/general\/el-cicle-inicial-visita-el-centre-de-dia\/\" title=\"Read El Cicle Inicial visita el centre de dia\">Llegeix m\u00e9s\u00bb<\/a><\/p>\n","protected":false},"author":1,"featured_media":5637,"comment_status":"open","ping_status":"closed","sticky":false,"template":"","format":"standard","meta":{"_bbp_topic_count":0,"_bbp_reply_count":0,"_bbp_total_topic_count":0,"_bbp_total_reply_count":0,"_bbp_voice_count":0,"_bbp_anonymous_reply_count":0,"_bbp_topic_count_hidden":0,"_bbp_reply_count_hidden":0,"_bbp_forum_subforum_count":0,"footnotes":""},"categories":[11,1,4],"tags":[],"class_list":["post-5636","post","type-post","status-publish","format-standard","has-post-thumbnail","hentry","category-2n","category-general","category-portada"],"post_mailing_queue_ids":[],"_links":{"self":[{"href":"https:\/\/agora.xtec.cat\/ceip-lasardana\/wp-json\/wp\/v2\/posts\/5636","targetHints":{"allow":["GET"]}}],"collection":[{"href":"https:\/\/agora.xtec.cat\/ceip-lasardana\/wp-json\/wp\/v2\/posts"}],"about":[{"href":"https:\/\/agora.xtec.cat\/ceip-lasardana\/wp-json\/wp\/v2\/types\/post"}],"author":[{"embeddable":true,"href":"https:\/\/agora.xtec.cat\/ceip-lasardana\/wp-json\/wp\/v2\/users\/1"}],"replies":[{"embeddable":true,"href":"https:\/\/agora.xtec.cat\/ceip-lasardana\/wp-json\/wp\/v2\/comments?post=5636"}],"version-history":[{"count":1,"href":"https:\/\/agora.xtec.cat\/ceip-lasardana\/wp-json\/wp\/v2\/posts\/5636\/revisions"}],"predecessor-version":[{"id":5638,"href":"https:\/\/agora.xtec.cat\/ceip-lasardana\/wp-json\/wp\/v2\/posts\/5636\/revisions\/5638"}],"wp:featuredmedia":[{"embeddable":true,"href":"https:\/\/agora.xtec.cat\/ceip-lasardana\/wp-json\/wp\/v2\/media\/5637"}],"wp:attachment":[{"href":"https:\/\/agora.xtec.cat\/ceip-lasardana\/wp-json\/wp\/v2\/media?parent=5636"}],"wp:term":[{"taxonomy":"category","embeddable":true,"href":"https:\/\/agora.xtec.cat\/ceip-lasardana\/wp-json\/wp\/v2\/categories?post=5636"},{"taxonomy":"post_tag","embeddable":true,"href":"https:\/\/agora.xtec.cat\/ceip-lasardana\/wp-json\/wp\/v2\/tags?post=5636"}],"curies":[{"name":"wp","href":"https:\/\/api.w.org\/{rel}","templated":true}]}}