{"id":5426,"date":"2018-11-16T18:48:42","date_gmt":"2018-11-16T17:48:42","guid":{"rendered":"http:\/\/agora.xtec.cat\/ceip-lasardana\/?p=5426"},"modified":"2018-11-16T18:48:42","modified_gmt":"2018-11-16T17:48:42","slug":"setmana-europea-de-la-prevencio-de-residus-3","status":"publish","type":"post","link":"https:\/\/agora.xtec.cat\/ceip-lasardana\/portada\/setmana-europea-de-la-prevencio-de-residus-3\/","title":{"rendered":"Setmana Europea de la prevenci\u00f3 de residus."},"content":{"rendered":"<p>Del 17 al 25 de novembre de 2018 se celebrar\u00e0 la <strong>Setmana Europea de la Prevenci\u00f3 de Residus<\/strong>, una iniciativa que promou la implementaci\u00f3 d\u2019accions de sensibilitzaci\u00f3 sobre els recursos sostenibles i la gesti\u00f3 de residus.<\/p>\n<p>A la nostra escola us volem recordar la import\u00e0ncia de portar l&#8217;esmorzar amb carmanyoles o bc&#8217;n rolls per no generar m\u00e9s residus i l&#8217;\u00fas de la cantimplora com a recipient per portar l&#8217;aigua.<\/p>\n<p><iframe loading=\"lazy\" title=\"Campanya 2016 Redueix, Reutilitza, Recicla, REACCIONA 4\" width=\"500\" height=\"281\" src=\"https:\/\/www.youtube.com\/embed\/GAPbAnTafs4?list=PLWQMeO43vsud2Oiw1858orKkkkWZhWHYk\" frameborder=\"0\" allow=\"accelerometer; autoplay; clipboard-write; encrypted-media; gyroscope; picture-in-picture; web-share\" referrerpolicy=\"strict-origin-when-cross-origin\" allowfullscreen><\/iframe><\/p>\n","protected":false},"excerpt":{"rendered":"<p>Del 17 al 25 de novembre de 2018 se celebrar\u00e0 la Setmana Europea de la Prevenci\u00f3 de Residus, una iniciativa que promou la implementaci\u00f3 d\u2019accions de sensibilitzaci\u00f3 sobre els recursos sostenibles i la gesti\u00f3 de residus.<br \/>\nA la nostra escola us volem recordar la import\u00e0ncia de&hellip;  <a href=\"https:\/\/agora.xtec.cat\/ceip-lasardana\/portada\/setmana-europea-de-la-prevencio-de-residus-3\/\" title=\"Read Setmana Europea de la prevenci\u00f3 de residus.\">Llegeix m\u00e9s\u00bb<\/a><\/p>\n","protected":false},"author":8,"featured_media":5433,"comment_status":"open","ping_status":"closed","sticky":false,"template":"","format":"standard","meta":{"_bbp_topic_count":0,"_bbp_reply_count":0,"_bbp_total_topic_count":0,"_bbp_total_reply_count":0,"_bbp_voice_count":0,"_bbp_anonymous_reply_count":0,"_bbp_topic_count_hidden":0,"_bbp_reply_count_hidden":0,"_bbp_forum_subforum_count":0,"footnotes":""},"categories":[22,4],"tags":[],"class_list":["post-5426","post","type-post","status-publish","format-standard","has-post-thumbnail","hentry","category-escola-verda","category-portada"],"post_mailing_queue_ids":[],"_links":{"self":[{"href":"https:\/\/agora.xtec.cat\/ceip-lasardana\/wp-json\/wp\/v2\/posts\/5426","targetHints":{"allow":["GET"]}}],"collection":[{"href":"https:\/\/agora.xtec.cat\/ceip-lasardana\/wp-json\/wp\/v2\/posts"}],"about":[{"href":"https:\/\/agora.xtec.cat\/ceip-lasardana\/wp-json\/wp\/v2\/types\/post"}],"author":[{"embeddable":true,"href":"https:\/\/agora.xtec.cat\/ceip-lasardana\/wp-json\/wp\/v2\/users\/8"}],"replies":[{"embeddable":true,"href":"https:\/\/agora.xtec.cat\/ceip-lasardana\/wp-json\/wp\/v2\/comments?post=5426"}],"version-history":[{"count":3,"href":"https:\/\/agora.xtec.cat\/ceip-lasardana\/wp-json\/wp\/v2\/posts\/5426\/revisions"}],"predecessor-version":[{"id":5432,"href":"https:\/\/agora.xtec.cat\/ceip-lasardana\/wp-json\/wp\/v2\/posts\/5426\/revisions\/5432"}],"wp:featuredmedia":[{"embeddable":true,"href":"https:\/\/agora.xtec.cat\/ceip-lasardana\/wp-json\/wp\/v2\/media\/5433"}],"wp:attachment":[{"href":"https:\/\/agora.xtec.cat\/ceip-lasardana\/wp-json\/wp\/v2\/media?parent=5426"}],"wp:term":[{"taxonomy":"category","embeddable":true,"href":"https:\/\/agora.xtec.cat\/ceip-lasardana\/wp-json\/wp\/v2\/categories?post=5426"},{"taxonomy":"post_tag","embeddable":true,"href":"https:\/\/agora.xtec.cat\/ceip-lasardana\/wp-json\/wp\/v2\/tags?post=5426"}],"curies":[{"name":"wp","href":"https:\/\/api.w.org\/{rel}","templated":true}]}}