{"id":5186,"date":"2018-10-16T17:44:12","date_gmt":"2018-10-16T15:44:12","guid":{"rendered":"http:\/\/agora.xtec.cat\/ceip-lasardana\/?p=5186"},"modified":"2018-10-16T17:44:43","modified_gmt":"2018-10-16T15:44:43","slug":"dia-mundial-de-lalimentacio","status":"publish","type":"post","link":"https:\/\/agora.xtec.cat\/ceip-lasardana\/portada\/dia-mundial-de-lalimentacio\/","title":{"rendered":"Dia Mundial de l&#8217;alimentaci\u00f3!"},"content":{"rendered":"<p>Avui dia <strong>16 d\u2019octubre<\/strong> \u00e9s el <strong><a href=\"https:\/\/ca.wikipedia.org\/wiki\/Dia_Mundial_de_l%27Alimentaci%C3%B3\">Dia Mundial de l\u2019Alimentaci\u00f3<\/a><\/strong> establert per la ONU el 1979.<\/p>\n<p>El lema d\u2019aquest any \u00e9s <em>\u201c<a href=\"http:\/\/www.fao.org\/world-food-day\/es\/\">Les nostres accions s\u00f3n el nostre futur<\/a>\u201c<\/em>, posant l\u2019\u00e8mfasi en el repte d\u2019aconseguir eliminar la fam al m\u00f3n pel 2030 (#sensegana). Des de La Sardana ens sumem amb optimisme perqu\u00e8 entre tots plegats assumim aquest repte col\u00b7lectiu i posem el nostre granet de sorra.<\/p>\n<p>Per tant, en la nostra escola <strong>eduquem i afavorim:<br \/>\n<\/strong><\/p>\n<ul>\n<li>Els h\u00e0bits alimentaris saludables<a href=\"https:\/\/agora.xtec.cat\/ceip-lasardana\/wp-content\/uploads\/usu659\/2018\/10\/Dia-Mundial-Alimentaci\u00f3-menjador-escolar-Fundesplai-Fruita.jpg\"><img loading=\"lazy\" decoding=\"async\" class=\"wp-image-5187 alignright\" src=\"https:\/\/agora.xtec.cat\/ceip-lasardana\/wp-content\/uploads\/usu659\/2018\/10\/Dia-Mundial-Alimentaci\u00f3-menjador-escolar-Fundesplai-Fruita.jpg\" alt=\"\" width=\"205\" height=\"136\" srcset=\"https:\/\/agora.xtec.cat\/ceip-lasardana\/wp-content\/uploads\/usu659\/2018\/10\/Dia-Mundial-Alimentaci\u00f3-menjador-escolar-Fundesplai-Fruita.jpg 700w, https:\/\/agora.xtec.cat\/ceip-lasardana\/wp-content\/uploads\/usu659\/2018\/10\/Dia-Mundial-Alimentaci\u00f3-menjador-escolar-Fundesplai-Fruita-300x199.jpg 300w\" sizes=\"auto, (max-width: 205px) 100vw, 205px\" \/><\/a><\/li>\n<li>L\u2019alimentaci\u00f3 tradicional, m\u00e9s propera al territori i a l\u2019estacionalitat enfront de l\u2019alimentaci\u00f3 industrial.<\/li>\n<li>Els productes de proximitat, ecol\u00f2gics, de comer\u00e7 just o amb responsabilitat social.<\/li>\n<li>Els productes de temporada.<\/li>\n<li>La reducci\u00f3 del malbaratament alimentari.<\/li>\n<li>L\u2019alimentaci\u00f3 sostenible en quant als recursos i els m\u00e8todes de producci\u00f3.<\/li>\n<\/ul>\n","protected":false},"excerpt":{"rendered":"<p>Avui dia 16 d\u2019octubre \u00e9s el <a href=\"https:\/\/ca.wikipedia.org\/wiki\/Dia_Mundial_de_l%27Alimentaci%C3%B3\">Dia Mundial de l\u2019Alimentaci\u00f3<\/a> establert per la ONU el 1979.<br \/>\nEl lema d\u2019aquest any \u00e9s \u201c<a href=\"http:\/\/www.fao.org\/world-food-day\/es\/\">Les nostres accions s\u00f3n el nostre futur<\/a>\u201c, posant l\u2019\u00e8mfasi en el repte d\u2019aconseguir eliminar la fam al m\u00f3n pel 2030 (#sensegana). Des de&hellip;  <a href=\"https:\/\/agora.xtec.cat\/ceip-lasardana\/portada\/dia-mundial-de-lalimentacio\/\" title=\"Read Dia Mundial de l&#8217;alimentaci\u00f3!\">Llegeix m\u00e9s\u00bb<\/a><\/p>\n","protected":false},"author":8,"featured_media":5187,"comment_status":"open","ping_status":"closed","sticky":false,"template":"","format":"standard","meta":{"_bbp_topic_count":0,"_bbp_reply_count":0,"_bbp_total_topic_count":0,"_bbp_total_reply_count":0,"_bbp_voice_count":0,"_bbp_anonymous_reply_count":0,"_bbp_topic_count_hidden":0,"_bbp_reply_count_hidden":0,"_bbp_forum_subforum_count":0,"footnotes":""},"categories":[98,22,4],"tags":[],"class_list":["post-5186","post","type-post","status-publish","format-standard","has-post-thumbnail","hentry","category-aula-de-ciencies","category-escola-verda","category-portada"],"post_mailing_queue_ids":[],"_links":{"self":[{"href":"https:\/\/agora.xtec.cat\/ceip-lasardana\/wp-json\/wp\/v2\/posts\/5186","targetHints":{"allow":["GET"]}}],"collection":[{"href":"https:\/\/agora.xtec.cat\/ceip-lasardana\/wp-json\/wp\/v2\/posts"}],"about":[{"href":"https:\/\/agora.xtec.cat\/ceip-lasardana\/wp-json\/wp\/v2\/types\/post"}],"author":[{"embeddable":true,"href":"https:\/\/agora.xtec.cat\/ceip-lasardana\/wp-json\/wp\/v2\/users\/8"}],"replies":[{"embeddable":true,"href":"https:\/\/agora.xtec.cat\/ceip-lasardana\/wp-json\/wp\/v2\/comments?post=5186"}],"version-history":[{"count":1,"href":"https:\/\/agora.xtec.cat\/ceip-lasardana\/wp-json\/wp\/v2\/posts\/5186\/revisions"}],"predecessor-version":[{"id":5188,"href":"https:\/\/agora.xtec.cat\/ceip-lasardana\/wp-json\/wp\/v2\/posts\/5186\/revisions\/5188"}],"wp:featuredmedia":[{"embeddable":true,"href":"https:\/\/agora.xtec.cat\/ceip-lasardana\/wp-json\/wp\/v2\/media\/5187"}],"wp:attachment":[{"href":"https:\/\/agora.xtec.cat\/ceip-lasardana\/wp-json\/wp\/v2\/media?parent=5186"}],"wp:term":[{"taxonomy":"category","embeddable":true,"href":"https:\/\/agora.xtec.cat\/ceip-lasardana\/wp-json\/wp\/v2\/categories?post=5186"},{"taxonomy":"post_tag","embeddable":true,"href":"https:\/\/agora.xtec.cat\/ceip-lasardana\/wp-json\/wp\/v2\/tags?post=5186"}],"curies":[{"name":"wp","href":"https:\/\/api.w.org\/{rel}","templated":true}]}}