{"id":5054,"date":"2018-09-26T10:00:29","date_gmt":"2018-09-26T08:00:29","guid":{"rendered":"http:\/\/agora.xtec.cat\/ceip-lasardana\/?p=5054"},"modified":"2018-09-25T22:47:41","modified_gmt":"2018-09-25T20:47:41","slug":"dijous-dia-de-la-fruita-a-la-sardana","status":"publish","type":"post","link":"https:\/\/agora.xtec.cat\/ceip-lasardana\/portada\/dijous-dia-de-la-fruita-a-la-sardana\/","title":{"rendered":"Dijous, dia de la fruita a La Sardana."},"content":{"rendered":"<!--[if lt IE 9]><script>document.createElement('audio');<\/script><![endif]-->\n<audio class=\"wp-audio-shortcode\" id=\"audio-5054-1\" preload=\"none\" style=\"width: 100%;\" controls=\"controls\"><source type=\"audio\/mpeg\" src=\"http:\/\/agora.xtec.cat\/ceip-lasardana\/wp-content\/uploads\/usu659\/2017\/01\/can\u00e7o-puleva-definitiva.mp3?_=1\" \/><a href=\"http:\/\/agora.xtec.cat\/ceip-lasardana\/wp-content\/uploads\/usu659\/2017\/01\/can\u00e7o-puleva-definitiva.mp3\">http:\/\/agora.xtec.cat\/ceip-lasardana\/wp-content\/uploads\/usu659\/2017\/01\/can\u00e7o-puleva-definitiva.mp3<\/a><\/audio>\n<p>Des de l\u2019escola volem seguir promovent la dieta equilibrada dels nostres alumnes!\u00a0Per aquest motiu us proposem que duran tot el curs\u00a0 els infants de l\u2019escola, <strong>cada dijous portin una pe\u00e7a de fruita per esmorzar.<\/strong><\/p>\n<p>Amb aquesta proposta es pret\u00e9n afavorir uns h\u00e0bits d&#8217;alimentaci\u00f3 saludable, perqu\u00e8 prendre fruita \u00e9s la manera m\u00e9s natural d\u2019aportar vitamines al nostre cos.<\/p>\n<p><a href=\"http:\/\/agora.xtec.cat\/ceip-lasardana\/wp-content\/uploads\/usu659\/2017\/09\/cap_interior.jpg\"><img loading=\"lazy\" decoding=\"async\" class=\"alignnone wp-image-3502\" src=\"http:\/\/agora.xtec.cat\/ceip-lasardana\/wp-content\/uploads\/usu659\/2017\/09\/cap_interior.jpg\" alt=\"\" width=\"793\" height=\"209\" srcset=\"https:\/\/agora.xtec.cat\/ceip-lasardana\/wp-content\/uploads\/usu659\/2017\/09\/cap_interior.jpg 759w, https:\/\/agora.xtec.cat\/ceip-lasardana\/wp-content\/uploads\/usu659\/2017\/09\/cap_interior-300x79.jpg 300w\" sizes=\"auto, (max-width: 793px) 100vw, 793px\" \/><\/a><\/p>\n<p>&nbsp;<\/p>\n<ul>\n<li>Recordeu tamb\u00e9 fer \u00fas de la carmanyola.\u00a0(volem REDUIR envasos).<\/li>\n<\/ul>\n<p><strong>Demanem el suport des de casa per fer d\u2019aquestes iniciatives un \u00e8xit.<\/strong><\/p>\n<p>&nbsp;<\/p>\n<p>&nbsp;<\/p>\n","protected":false},"excerpt":{"rendered":"<p><a href=\"http:\/\/agora.xtec.cat\/ceip-lasardana\/wp-content\/uploads\/usu659\/2017\/01\/can\u00e7o-puleva-definitiva.mp3\">http:\/\/agora.xtec.cat\/ceip-lasardana\/wp-content\/uploads\/usu659\/2017\/01\/can\u00e7o-puleva-definitiva.mp3<\/a><br \/>\nDes de l\u2019escola volem seguir promovent la dieta equilibrada dels nostres alumnes!\u00a0Per aquest motiu us proposem que duran tot el curs\u00a0 els infants de l\u2019escola, cada dijous portin una pe\u00e7a de fruita per esmorzar.<br \/>\nAmb aquesta proposta es pret\u00e9n afavorir uns h\u00e0bits d&#8217;alimentaci\u00f3 saludable, perqu\u00e8&hellip;  <a href=\"https:\/\/agora.xtec.cat\/ceip-lasardana\/portada\/dijous-dia-de-la-fruita-a-la-sardana\/\" title=\"Read Dijous, dia de la fruita a La Sardana.\">Llegeix m\u00e9s\u00bb<\/a><\/p>\n","protected":false},"author":8,"featured_media":0,"comment_status":"open","ping_status":"closed","sticky":false,"template":"","format":"standard","meta":{"_bbp_topic_count":0,"_bbp_reply_count":0,"_bbp_total_topic_count":0,"_bbp_total_reply_count":0,"_bbp_voice_count":0,"_bbp_anonymous_reply_count":0,"_bbp_topic_count_hidden":0,"_bbp_reply_count_hidden":0,"_bbp_forum_subforum_count":0,"footnotes":""},"categories":[22,4],"tags":[],"class_list":["post-5054","post","type-post","status-publish","format-standard","hentry","category-escola-verda","category-portada"],"post_mailing_queue_ids":[],"_links":{"self":[{"href":"https:\/\/agora.xtec.cat\/ceip-lasardana\/wp-json\/wp\/v2\/posts\/5054","targetHints":{"allow":["GET"]}}],"collection":[{"href":"https:\/\/agora.xtec.cat\/ceip-lasardana\/wp-json\/wp\/v2\/posts"}],"about":[{"href":"https:\/\/agora.xtec.cat\/ceip-lasardana\/wp-json\/wp\/v2\/types\/post"}],"author":[{"embeddable":true,"href":"https:\/\/agora.xtec.cat\/ceip-lasardana\/wp-json\/wp\/v2\/users\/8"}],"replies":[{"embeddable":true,"href":"https:\/\/agora.xtec.cat\/ceip-lasardana\/wp-json\/wp\/v2\/comments?post=5054"}],"version-history":[{"count":2,"href":"https:\/\/agora.xtec.cat\/ceip-lasardana\/wp-json\/wp\/v2\/posts\/5054\/revisions"}],"predecessor-version":[{"id":5062,"href":"https:\/\/agora.xtec.cat\/ceip-lasardana\/wp-json\/wp\/v2\/posts\/5054\/revisions\/5062"}],"wp:attachment":[{"href":"https:\/\/agora.xtec.cat\/ceip-lasardana\/wp-json\/wp\/v2\/media?parent=5054"}],"wp:term":[{"taxonomy":"category","embeddable":true,"href":"https:\/\/agora.xtec.cat\/ceip-lasardana\/wp-json\/wp\/v2\/categories?post=5054"},{"taxonomy":"post_tag","embeddable":true,"href":"https:\/\/agora.xtec.cat\/ceip-lasardana\/wp-json\/wp\/v2\/tags?post=5054"}],"curies":[{"name":"wp","href":"https:\/\/api.w.org\/{rel}","templated":true}]}}