{"id":4785,"date":"2018-05-11T16:21:03","date_gmt":"2018-05-11T14:21:03","guid":{"rendered":"http:\/\/agora.xtec.cat\/ceip-lasardana\/?p=4785"},"modified":"2018-05-14T07:11:36","modified_gmt":"2018-05-14T05:11:36","slug":"a-badia-tenim-futur","status":"publish","type":"post","link":"https:\/\/agora.xtec.cat\/ceip-lasardana\/portada\/a-badia-tenim-futur\/","title":{"rendered":"A Badia tenim futur!"},"content":{"rendered":"<p>Els alumnes de l&#8217;Institut de Badia avui han convidat als alumnes de 4t a participar a la fira dels oficis. Unes paradetes dirigides per alumnes de secund\u00e0ria que han preparat tota una s\u00e8rie de jocs i activitats per als nostres nens i nenes amb la finalitat de parlar de la import\u00e0ncia de tenir unes expectatives de futur i de somiar amb all\u00f2 que ells volen ser de grans.<\/p>\n<p>Volem agrair l&#8217;esfor\u00e7 realitzat per els alumnes de secund\u00e0ria que han estat preparant aquesta jornada durant un temps i que l&#8217;han dut a terme amb molta empenta i responsabilitat aconseguint a m\u00e9s a m\u00e9s fer passar una bona estona als notstres infants.<\/p>\n<p><a href=\"http:\/\/agora.xtec.cat\/ceip-lasardana\/wp-content\/uploads\/usu659\/2018\/05\/1-2.jpg\"><img loading=\"lazy\" decoding=\"async\" class=\"alignnone wp-image-4787\" src=\"http:\/\/agora.xtec.cat\/ceip-lasardana\/wp-content\/uploads\/usu659\/2018\/05\/1-2.jpg\" alt=\"\" width=\"236\" height=\"133\" srcset=\"https:\/\/agora.xtec.cat\/ceip-lasardana\/wp-content\/uploads\/usu659\/2018\/05\/1-2.jpg 512w, https:\/\/agora.xtec.cat\/ceip-lasardana\/wp-content\/uploads\/usu659\/2018\/05\/1-2-300x169.jpg 300w\" sizes=\"auto, (max-width: 236px) 100vw, 236px\" \/><\/a>\u00a0\u00a0 <a href=\"http:\/\/agora.xtec.cat\/ceip-lasardana\/wp-content\/uploads\/usu659\/2018\/05\/2-1.jpg\"><img loading=\"lazy\" decoding=\"async\" class=\"alignnone wp-image-4788\" src=\"http:\/\/agora.xtec.cat\/ceip-lasardana\/wp-content\/uploads\/usu659\/2018\/05\/2-1.jpg\" alt=\"\" width=\"320\" height=\"180\" srcset=\"https:\/\/agora.xtec.cat\/ceip-lasardana\/wp-content\/uploads\/usu659\/2018\/05\/2-1.jpg 512w, https:\/\/agora.xtec.cat\/ceip-lasardana\/wp-content\/uploads\/usu659\/2018\/05\/2-1-300x169.jpg 300w\" sizes=\"auto, (max-width: 320px) 100vw, 320px\" \/><\/a> \u00a0\u00a0 <a href=\"http:\/\/agora.xtec.cat\/ceip-lasardana\/wp-content\/uploads\/usu659\/2018\/05\/4-2.jpg\"><img loading=\"lazy\" decoding=\"async\" class=\"alignnone wp-image-4790\" src=\"http:\/\/agora.xtec.cat\/ceip-lasardana\/wp-content\/uploads\/usu659\/2018\/05\/4-2.jpg\" alt=\"\" width=\"203\" height=\"151\" srcset=\"https:\/\/agora.xtec.cat\/ceip-lasardana\/wp-content\/uploads\/usu659\/2018\/05\/4-2.jpg 512w, https:\/\/agora.xtec.cat\/ceip-lasardana\/wp-content\/uploads\/usu659\/2018\/05\/4-2-300x223.jpg 300w, https:\/\/agora.xtec.cat\/ceip-lasardana\/wp-content\/uploads\/usu659\/2018\/05\/4-2-200x150.jpg 200w\" sizes=\"auto, (max-width: 203px) 100vw, 203px\" \/><\/a><\/p>\n<p>&nbsp;<\/p>\n","protected":false},"excerpt":{"rendered":"<p>Els alumnes de l&#8217;Institut de Badia avui han convidat als alumnes de 4t a participar a la fira dels oficis. Unes paradetes dirigides per alumnes de secund\u00e0ria que han preparat tota una s\u00e8rie de jocs i activitats per als nostres nens i nenes amb la&hellip;  <a href=\"https:\/\/agora.xtec.cat\/ceip-lasardana\/portada\/a-badia-tenim-futur\/\" title=\"Read A Badia tenim futur!\">Llegeix m\u00e9s\u00bb<\/a><\/p>\n","protected":false},"author":8,"featured_media":4786,"comment_status":"open","ping_status":"closed","sticky":false,"template":"","format":"standard","meta":{"_bbp_topic_count":0,"_bbp_reply_count":0,"_bbp_total_topic_count":0,"_bbp_total_reply_count":0,"_bbp_voice_count":0,"_bbp_anonymous_reply_count":0,"_bbp_topic_count_hidden":0,"_bbp_reply_count_hidden":0,"_bbp_forum_subforum_count":0,"footnotes":""},"categories":[13,4],"tags":[],"class_list":["post-4785","post","type-post","status-publish","format-standard","has-post-thumbnail","hentry","category-4t","category-portada"],"post_mailing_queue_ids":[],"_links":{"self":[{"href":"https:\/\/agora.xtec.cat\/ceip-lasardana\/wp-json\/wp\/v2\/posts\/4785","targetHints":{"allow":["GET"]}}],"collection":[{"href":"https:\/\/agora.xtec.cat\/ceip-lasardana\/wp-json\/wp\/v2\/posts"}],"about":[{"href":"https:\/\/agora.xtec.cat\/ceip-lasardana\/wp-json\/wp\/v2\/types\/post"}],"author":[{"embeddable":true,"href":"https:\/\/agora.xtec.cat\/ceip-lasardana\/wp-json\/wp\/v2\/users\/8"}],"replies":[{"embeddable":true,"href":"https:\/\/agora.xtec.cat\/ceip-lasardana\/wp-json\/wp\/v2\/comments?post=4785"}],"version-history":[{"count":2,"href":"https:\/\/agora.xtec.cat\/ceip-lasardana\/wp-json\/wp\/v2\/posts\/4785\/revisions"}],"predecessor-version":[{"id":4792,"href":"https:\/\/agora.xtec.cat\/ceip-lasardana\/wp-json\/wp\/v2\/posts\/4785\/revisions\/4792"}],"wp:featuredmedia":[{"embeddable":true,"href":"https:\/\/agora.xtec.cat\/ceip-lasardana\/wp-json\/wp\/v2\/media\/4786"}],"wp:attachment":[{"href":"https:\/\/agora.xtec.cat\/ceip-lasardana\/wp-json\/wp\/v2\/media?parent=4785"}],"wp:term":[{"taxonomy":"category","embeddable":true,"href":"https:\/\/agora.xtec.cat\/ceip-lasardana\/wp-json\/wp\/v2\/categories?post=4785"},{"taxonomy":"post_tag","embeddable":true,"href":"https:\/\/agora.xtec.cat\/ceip-lasardana\/wp-json\/wp\/v2\/tags?post=4785"}],"curies":[{"name":"wp","href":"https:\/\/api.w.org\/{rel}","templated":true}]}}