{"id":437,"date":"2016-02-20T13:12:00","date_gmt":"2016-02-20T12:12:00","guid":{"rendered":"http:\/\/agora.xtec.cat\/ceip-lasardana\/?p=437"},"modified":"2016-05-20T00:12:35","modified_gmt":"2016-05-19T23:12:35","slug":"quaranta-anys-teixint-escola-publica-a-badia","status":"publish","type":"post","link":"https:\/\/agora.xtec.cat\/ceip-lasardana\/general\/quaranta-anys-teixint-escola-publica-a-badia\/","title":{"rendered":"QUARANTA ANYS TEIXINT ESCOLA P\u00daBLICA A BADIA"},"content":{"rendered":"<p>Al diari <strong>Punt Avui<\/strong> d\u2019aquest dissabte, apareix aquest article que parla de la nostra escola:<\/p>\n<p><strong>BADIA DEL VALL\u00c8S<\/strong><strong>\u00a0&#8211;\u00a0<\/strong><strong>20 febrer 2016 <\/strong><\/p>\n<p><strong>EDUCACI\u00d3<\/strong><\/p>\n<p><strong>Quaranta anys teixint escola p\u00fablica a Badia<\/strong><\/p>\n<p>El centre La Sardana, la primera escola que va obrir les portes a Badia del Vall\u00e8s, organitza diversos actes per fer visible la lluita, el treball i els resultats de quatre d\u00e8cades dedicades a educar.\u00a0Van ser dels primers a fer immersi\u00f3 ling\u00fc\u00edstica i a obrir una aula de P3.<\/p>\n<p><a href=\"http:\/\/agora.xtec.cat\/ceip-lasardana\/wp-content\/uploads\/usu659\/2016\/02\/2.jpg\"><img loading=\"lazy\" decoding=\"async\" class=\"  wp-image-441 aligncenter\" src=\"http:\/\/agora.xtec.cat\/ceip-lasardana\/wp-content\/uploads\/usu659\/2016\/02\/2.jpg\" alt=\"2\" width=\"296\" height=\"191\" srcset=\"https:\/\/agora.xtec.cat\/ceip-lasardana\/wp-content\/uploads\/usu659\/2016\/02\/2.jpg 310w, https:\/\/agora.xtec.cat\/ceip-lasardana\/wp-content\/uploads\/usu659\/2016\/02\/2-300x194.jpg 300w\" sizes=\"auto, (max-width: 296px) 100vw, 296px\" \/><\/a><\/p>\n<p>El passat i el present de l&#8217;escola p\u00fablica La Sardana, la primera que es va obrir a Badia del Vall\u00e8s fa quaranta anys, el representen simb\u00f2licament quatre dones: Teresa Reverter, Laura Dulcet, Sara Garcia i Eva Gil. Fugint de protagonismes, deixen clar que la seva vol ser la veu dels mestres, alumnes i pares que han passat pel centre en aquests anys. \u201cQuan penso en l&#8217;escola, imagino la pinya que fan els castellers: cr\u00e9ixer sense divisions i amb l&#8217;ajuda de tothom\u201d, diu Gil, la cap d&#8217;estudis. En el quarant\u00e8 aniversari, volen \u201cfer visible l&#8217;\u00e8xit de la tasca que es fa a l&#8217;escola\u201d amb una s\u00e8rie d&#8217;actes que comen\u00e7aran la setmana que ve amb una exposici\u00f3 i que continuaran al maig amb una sortida amb fam\u00edlies, exalumnes i mestres, i una festa oberta a la ciutat.<\/p>\n<p>Reverter i Dulcet van formar part de l&#8217;equip que va engegar el projecte i s\u00f3n part de l&#8217;entitat Som Sardana. \u201cNosaltres ten\u00edem una escola per fer, i els pares, una ciutat\u201d, diu la primera, amb refer\u00e8ncia a la relaci\u00f3 que<br \/>\nja es va establir amb els progenitors durant els primers anys per aconseguir recursos per educar uns nens que venien d&#8217;indrets molt diversos, amb diferents nivells i necessitats. \u201cL&#8217;AMPA<br \/>\nno ha estat mai una associaci\u00f3 de xandalls\u201d, afegeix Dulcet, que destaca, per exemple, que actualment a l&#8217;escola treballen conjuntament amb un pla de patis. \u201cEl nostre paper \u00e9s lluitar perqu\u00e8 no es perdi tot el que s&#8217;ha aconseguit i per continuar innovant\u201d, afegeix Gil. Garcia destaca que al centre es respira la manera de fer \u201clluitadora, cr\u00edtica i innovadora\u201d que ja va marcar els inicis de l&#8217;escola. Per exemple, van ser de les primeres escoles de Catalunya que van apostar per la immersi\u00f3 ling\u00fc\u00edstica, l&#8217;any 1982. \u201cEls pares tenien clar que con\u00e8ixer la llengua era essencial en l&#8217;educaci\u00f3 dels fills\u201d, explica Reverter. A La Sardana tamb\u00e9 es va instal\u00b7lar una de les primeres aules de P3 del pa\u00eds. Com a pioners a Badia, van apostar per atendre la diversitat amb la figura d&#8217;un mestre d&#8217;educaci\u00f3 especial i ara \u00e9s l&#8217;\u00fanica escola verda de la poblaci\u00f3. Des del principi, van creure en els plans d&#8217;acollida, no nom\u00e9s dels nens, sin\u00f3 dels professors, i en el que actualment es coneix com a treball per projectes, perqu\u00e8, com comenten Reverter i Dulcet, \u201ces buscaven f\u00f3rmules per respondre a les necessitats dels nens\u201d. Expliquen que mai han renunciat ni a la m\u00fasica, ni a l&#8217;experimentaci\u00f3 al laboratori ni al teatre en horari lectiu. Igual que recorden els inicis com \u201cdif\u00edcils per\u00f2 gratificants\u201d, reconeixen que la realitat socioecon\u00f2mica de Badia en els darrers anys ha estat i \u00e9s dura i que els recursos que arriben des de l&#8217;administraci\u00f3 no s\u00f3n tots els que caldrien. \u201cSempre hem buscat estrat\u00e8gies i suport per tirar endavant, sobretot dels pares i dels mestres, i ho continuem fent\u201d, diu Gil.<\/p>\n<p><strong>SANDRA P\u00c9REZ<\/strong>\u00a0&#8211;\u00a0BADIA DEL VALL\u00c8S<\/p>\n","protected":false},"excerpt":{"rendered":"<p>Al diari Punt Avui d\u2019aquest dissabte, apareix aquest article que parla de la nostra escola:<br \/>\nBADIA DEL VALL\u00c8S\u00a0&#8211;\u00a020 febrer 2016<br \/>\nEDUCACI\u00d3<br \/>\nQuaranta anys teixint escola p\u00fablica a Badia<br \/>\nEl centre La Sardana, la primera escola que va obrir les portes a Badia del Vall\u00e8s, organitza diversos actes per&hellip;  <a href=\"https:\/\/agora.xtec.cat\/ceip-lasardana\/general\/quaranta-anys-teixint-escola-publica-a-badia\/\" title=\"Read QUARANTA ANYS TEIXINT ESCOLA P\u00daBLICA A BADIA\">Llegeix m\u00e9s\u00bb<\/a><\/p>\n","protected":false},"author":1,"featured_media":440,"comment_status":"open","ping_status":"open","sticky":false,"template":"","format":"standard","meta":{"_bbp_topic_count":0,"_bbp_reply_count":0,"_bbp_total_topic_count":0,"_bbp_total_reply_count":0,"_bbp_voice_count":0,"_bbp_anonymous_reply_count":0,"_bbp_topic_count_hidden":0,"_bbp_reply_count_hidden":0,"_bbp_forum_subforum_count":0,"footnotes":""},"categories":[61,1,4],"tags":[43],"class_list":["post-437","post","type-post","status-publish","format-standard","has-post-thumbnail","hentry","category-40e-aniversari","category-general","category-portada","tag-40e-aniversari"],"post_mailing_queue_ids":[],"_links":{"self":[{"href":"https:\/\/agora.xtec.cat\/ceip-lasardana\/wp-json\/wp\/v2\/posts\/437","targetHints":{"allow":["GET"]}}],"collection":[{"href":"https:\/\/agora.xtec.cat\/ceip-lasardana\/wp-json\/wp\/v2\/posts"}],"about":[{"href":"https:\/\/agora.xtec.cat\/ceip-lasardana\/wp-json\/wp\/v2\/types\/post"}],"author":[{"embeddable":true,"href":"https:\/\/agora.xtec.cat\/ceip-lasardana\/wp-json\/wp\/v2\/users\/1"}],"replies":[{"embeddable":true,"href":"https:\/\/agora.xtec.cat\/ceip-lasardana\/wp-json\/wp\/v2\/comments?post=437"}],"version-history":[{"count":3,"href":"https:\/\/agora.xtec.cat\/ceip-lasardana\/wp-json\/wp\/v2\/posts\/437\/revisions"}],"predecessor-version":[{"id":443,"href":"https:\/\/agora.xtec.cat\/ceip-lasardana\/wp-json\/wp\/v2\/posts\/437\/revisions\/443"}],"wp:featuredmedia":[{"embeddable":true,"href":"https:\/\/agora.xtec.cat\/ceip-lasardana\/wp-json\/wp\/v2\/media\/440"}],"wp:attachment":[{"href":"https:\/\/agora.xtec.cat\/ceip-lasardana\/wp-json\/wp\/v2\/media?parent=437"}],"wp:term":[{"taxonomy":"category","embeddable":true,"href":"https:\/\/agora.xtec.cat\/ceip-lasardana\/wp-json\/wp\/v2\/categories?post=437"},{"taxonomy":"post_tag","embeddable":true,"href":"https:\/\/agora.xtec.cat\/ceip-lasardana\/wp-json\/wp\/v2\/tags?post=437"}],"curies":[{"name":"wp","href":"https:\/\/api.w.org\/{rel}","templated":true}]}}