{"id":3651,"date":"2017-10-21T16:20:53","date_gmt":"2017-10-21T14:20:53","guid":{"rendered":"http:\/\/agora.xtec.cat\/ceip-lasardana\/?p=3651"},"modified":"2017-10-21T16:24:52","modified_gmt":"2017-10-21T14:24:52","slug":"reunio-en-familia","status":"publish","type":"post","link":"https:\/\/agora.xtec.cat\/ceip-lasardana\/portada\/reunio-en-familia\/","title":{"rendered":"Reuni\u00f3 en fam\u00edlia"},"content":{"rendered":"<p><a href=\"http:\/\/agora.xtec.cat\/ceip-lasardana\/wp-content\/uploads\/usu659\/2017\/10\/1-8.jpg\"><img loading=\"lazy\" decoding=\"async\" class=\"size-medium wp-image-3658 aligncenter\" src=\"http:\/\/agora.xtec.cat\/ceip-lasardana\/wp-content\/uploads\/usu659\/2017\/10\/1-8-300x225.jpg\" alt=\"\" width=\"300\" height=\"225\" srcset=\"https:\/\/agora.xtec.cat\/ceip-lasardana\/wp-content\/uploads\/usu659\/2017\/10\/1-8-300x225.jpg 300w, https:\/\/agora.xtec.cat\/ceip-lasardana\/wp-content\/uploads\/usu659\/2017\/10\/1-8-200x150.jpg 200w, https:\/\/agora.xtec.cat\/ceip-lasardana\/wp-content\/uploads\/usu659\/2017\/10\/1-8.jpg 600w\" sizes=\"auto, (max-width: 300px) 100vw, 300px\" \/><\/a><\/p>\n<p>El passat 5 d&#8217;octubre vam realitzar la reuni\u00f3 de fam\u00edlies dels alumnes de 1r, una ocasi\u00f3 \u00fanica per con\u00e8ixer els canvis que inicien els infants en aquesta nova etapa, per saber els nous reptes que els plantegem i el suport que les fam\u00edlies els hi podeu oferir des de casa.<\/p>\n<p>Els pares i mares van rebre un petit detall dels seus fills\/es i, per aix\u00f2, van voler compensar l&#8217;esfor\u00e7 de tots els nens i nenes elaborant un joc per a la classe.\u00a0Ara ja hem tingut l&#8217;oportunitat de jugar amb el domino i us ho volem mostrar&#8230;<\/p>\n<p>Tamb\u00e9 volem agrair especialment a les fam\u00edlies la vostra implicaci\u00f3 i, com sempre, agrair que ens regaleu part del vostre temps&#8230; Vam passar una tarda plena de somriures, rialles, complicitats&#8230; <a href=\"https:\/\/photos.app.goo.gl\/SzXGr1zc7Vexvf9q1\">Moltes gr\u00e0cies mares i pares!!<\/a><\/p>\n<p>&nbsp;<\/p>\n<p>&nbsp;<\/p>\n<p>&nbsp;<\/p>\n<p>&nbsp;<\/p>\n","protected":false},"excerpt":{"rendered":"<p>Vam passar una tarda plena de somriures, rialles, complicitats&#8230; Moltes gr\u00e0cies mares i pares!!&hellip;  <a href=\"https:\/\/agora.xtec.cat\/ceip-lasardana\/portada\/reunio-en-familia\/\" title=\"Read Reuni\u00f3 en fam\u00edlia\">Llegeix m\u00e9s\u00bb<\/a><\/p>\n","protected":false},"author":6,"featured_media":3667,"comment_status":"open","ping_status":"closed","sticky":false,"template":"","format":"standard","meta":{"_bbp_topic_count":0,"_bbp_reply_count":0,"_bbp_total_topic_count":0,"_bbp_total_reply_count":0,"_bbp_voice_count":0,"_bbp_anonymous_reply_count":0,"_bbp_topic_count_hidden":0,"_bbp_reply_count_hidden":0,"_bbp_forum_subforum_count":0,"footnotes":""},"categories":[10,4],"tags":[],"class_list":["post-3651","post","type-post","status-publish","format-standard","has-post-thumbnail","hentry","category-1r","category-portada"],"post_mailing_queue_ids":[],"_links":{"self":[{"href":"https:\/\/agora.xtec.cat\/ceip-lasardana\/wp-json\/wp\/v2\/posts\/3651","targetHints":{"allow":["GET"]}}],"collection":[{"href":"https:\/\/agora.xtec.cat\/ceip-lasardana\/wp-json\/wp\/v2\/posts"}],"about":[{"href":"https:\/\/agora.xtec.cat\/ceip-lasardana\/wp-json\/wp\/v2\/types\/post"}],"author":[{"embeddable":true,"href":"https:\/\/agora.xtec.cat\/ceip-lasardana\/wp-json\/wp\/v2\/users\/6"}],"replies":[{"embeddable":true,"href":"https:\/\/agora.xtec.cat\/ceip-lasardana\/wp-json\/wp\/v2\/comments?post=3651"}],"version-history":[{"count":3,"href":"https:\/\/agora.xtec.cat\/ceip-lasardana\/wp-json\/wp\/v2\/posts\/3651\/revisions"}],"predecessor-version":[{"id":3682,"href":"https:\/\/agora.xtec.cat\/ceip-lasardana\/wp-json\/wp\/v2\/posts\/3651\/revisions\/3682"}],"wp:featuredmedia":[{"embeddable":true,"href":"https:\/\/agora.xtec.cat\/ceip-lasardana\/wp-json\/wp\/v2\/media\/3667"}],"wp:attachment":[{"href":"https:\/\/agora.xtec.cat\/ceip-lasardana\/wp-json\/wp\/v2\/media?parent=3651"}],"wp:term":[{"taxonomy":"category","embeddable":true,"href":"https:\/\/agora.xtec.cat\/ceip-lasardana\/wp-json\/wp\/v2\/categories?post=3651"},{"taxonomy":"post_tag","embeddable":true,"href":"https:\/\/agora.xtec.cat\/ceip-lasardana\/wp-json\/wp\/v2\/tags?post=3651"}],"curies":[{"name":"wp","href":"https:\/\/api.w.org\/{rel}","templated":true}]}}