{"id":3214,"date":"2017-05-08T20:07:00","date_gmt":"2017-05-08T18:07:00","guid":{"rendered":"http:\/\/agora.xtec.cat\/ceip-lasardana\/?p=3214"},"modified":"2017-05-09T11:20:42","modified_gmt":"2017-05-09T09:20:42","slug":"ruta-botanica-dels-alumnes-de-3r","status":"publish","type":"post","link":"https:\/\/agora.xtec.cat\/ceip-lasardana\/portada\/ruta-botanica-dels-alumnes-de-3r\/","title":{"rendered":"Ruta bot\u00e0nica dels alumnes de 3r"},"content":{"rendered":"<p>Els alumnes de 3r de l\u2019escola la Sardana han realitzat una sortida per con\u00e8ixer la vegetaci\u00f3 de la nostra poblaci\u00f3 i relacionar-la alhora amb les m\u00faltiples funcionalitats de les plantes i moltes altres curiositats que giren al seu voltant com a llegendes o racons importants en la historia de\u00a0 Badia.<\/p>\n<p><a href=\"http:\/\/agora.xtec.cat\/ceip-lasardana\/wp-content\/uploads\/usu659\/2017\/05\/x.jpg\"><img loading=\"lazy\" decoding=\"async\" class=\" wp-image-3215 aligncenter\" src=\"http:\/\/agora.xtec.cat\/ceip-lasardana\/wp-content\/uploads\/usu659\/2017\/05\/x.jpg\" alt=\"x\" width=\"542\" height=\"305\" srcset=\"https:\/\/agora.xtec.cat\/ceip-lasardana\/wp-content\/uploads\/usu659\/2017\/05\/x.jpg 768w, https:\/\/agora.xtec.cat\/ceip-lasardana\/wp-content\/uploads\/usu659\/2017\/05\/x-300x169.jpg 300w\" sizes=\"auto, (max-width: 542px) 100vw, 542px\" \/><\/a><\/p>\n<p>Aquesta sortida no hagu\u00e9s estat possible sense l\u2019Acompanyament de l\u2019Alex i el V\u00edctor (pla de desenvolupament comunitari), l\u2019Eva (r\u00e0dio Badia) i la Teresa (exmestra de l\u2019escola).<\/p>\n<p>Els nens i nenes han pogut veure que a Badia en tenim moltes plantes arom\u00e0tiques que ens serveixen per fer perfums, tamb\u00e9 que moltes altres s\u00f3n medicinals i tenen m\u00faltiples propietats i en definitiva han descobert que les plantes i els arbres ens aporten molts beneficis per a la nostra salut i\u00a0 contribueixen alhora en el nostre benestar. D&#8217;altra banda, hem descobert que s\u00f3n tant importants que de vegades apareixen en les banderes de pa\u00efsos, en els antics trofeus de les olimpiades, en el s\u00edmbol de la Pau&#8230;<\/p>\n<p>Activitats com mirar amb consci\u00e8ncia, parlar-ne, escoltar, olorar, tocar i tastar han sigut l\u2019ess\u00e8ncia d\u2019aquest volt.<\/p>\n<p>Sens dubte, un altre manera de passejar i observar el nostre entorn que sembla que no els ha deixat indiferents. Una molt bona oportunitat alhora per fer-se una pregunta, <strong>Badia \u00e9s una ciutat bonica?<\/strong><\/p>\n<p><strong><a href=\"http:\/\/agora.xtec.cat\/ceip-lasardana\/wp-content\/uploads\/usu659\/2017\/05\/Imagen-003.jpg\"><img loading=\"lazy\" decoding=\"async\" class=\"wp-image-3224 alignleft\" src=\"http:\/\/agora.xtec.cat\/ceip-lasardana\/wp-content\/uploads\/usu659\/2017\/05\/Imagen-003-1024x768.jpg\" alt=\"\" width=\"338\" height=\"254\" srcset=\"https:\/\/agora.xtec.cat\/ceip-lasardana\/wp-content\/uploads\/usu659\/2017\/05\/Imagen-003-1024x768.jpg 1024w, https:\/\/agora.xtec.cat\/ceip-lasardana\/wp-content\/uploads\/usu659\/2017\/05\/Imagen-003-300x225.jpg 300w, https:\/\/agora.xtec.cat\/ceip-lasardana\/wp-content\/uploads\/usu659\/2017\/05\/Imagen-003-768x576.jpg 768w, https:\/\/agora.xtec.cat\/ceip-lasardana\/wp-content\/uploads\/usu659\/2017\/05\/Imagen-003-200x150.jpg 200w, https:\/\/agora.xtec.cat\/ceip-lasardana\/wp-content\/uploads\/usu659\/2017\/05\/Imagen-003.jpg 1600w\" sizes=\"auto, (max-width: 338px) 100vw, 338px\" \/><\/a>Qu\u00e8 hem vist que ens agrada?<\/strong><\/p>\n<p>&#8220;Ens agraden els jardins cuidats, escoltar el cant dels ocells, veure els carrers nets, disposar de contenidors per reciclar , tenir la sensaci\u00f3 de viure en una ciutat tranquila i caminar pel carrer veient gent coneguda&#8221;<\/p>\n<p><strong>Qu\u00e8 no ens agrada?<\/strong><\/p>\n<p>&#8220;No ens agrada veure que hi ha gent que no utlitza les papereres, trobar-nos els excrements dels gossos, que tamb\u00e9 hi hagi alguns jardins poc cuidats i\u00a0 veure algunes pintades en edificis &#8221;<\/p>\n<p>&nbsp;<\/p>\n","protected":false},"excerpt":{"rendered":"<p>Els alumnes de 3r de l\u2019escola la Sardana han realitzat una sortida per con\u00e8ixer la vegetaci\u00f3 de la nostra poblaci\u00f3 i relacionar-la alhora amb les m\u00faltiples funcionalitats de les plantes i moltes altres curiositats que giren al seu voltant com a llegendes o racons importants&hellip;  <a href=\"https:\/\/agora.xtec.cat\/ceip-lasardana\/portada\/ruta-botanica-dels-alumnes-de-3r\/\" title=\"Read Ruta bot\u00e0nica dels alumnes de 3r\">Llegeix m\u00e9s\u00bb<\/a><\/p>\n","protected":false},"author":8,"featured_media":3215,"comment_status":"open","ping_status":"open","sticky":false,"template":"","format":"standard","meta":{"_bbp_topic_count":0,"_bbp_reply_count":0,"_bbp_total_topic_count":0,"_bbp_total_reply_count":0,"_bbp_voice_count":0,"_bbp_anonymous_reply_count":0,"_bbp_topic_count_hidden":0,"_bbp_reply_count_hidden":0,"_bbp_forum_subforum_count":0,"footnotes":""},"categories":[12,98,22,4],"tags":[],"class_list":["post-3214","post","type-post","status-publish","format-standard","has-post-thumbnail","hentry","category-3r","category-aula-de-ciencies","category-escola-verda","category-portada"],"post_mailing_queue_ids":[],"_links":{"self":[{"href":"https:\/\/agora.xtec.cat\/ceip-lasardana\/wp-json\/wp\/v2\/posts\/3214","targetHints":{"allow":["GET"]}}],"collection":[{"href":"https:\/\/agora.xtec.cat\/ceip-lasardana\/wp-json\/wp\/v2\/posts"}],"about":[{"href":"https:\/\/agora.xtec.cat\/ceip-lasardana\/wp-json\/wp\/v2\/types\/post"}],"author":[{"embeddable":true,"href":"https:\/\/agora.xtec.cat\/ceip-lasardana\/wp-json\/wp\/v2\/users\/8"}],"replies":[{"embeddable":true,"href":"https:\/\/agora.xtec.cat\/ceip-lasardana\/wp-json\/wp\/v2\/comments?post=3214"}],"version-history":[{"count":3,"href":"https:\/\/agora.xtec.cat\/ceip-lasardana\/wp-json\/wp\/v2\/posts\/3214\/revisions"}],"predecessor-version":[{"id":3227,"href":"https:\/\/agora.xtec.cat\/ceip-lasardana\/wp-json\/wp\/v2\/posts\/3214\/revisions\/3227"}],"wp:featuredmedia":[{"embeddable":true,"href":"https:\/\/agora.xtec.cat\/ceip-lasardana\/wp-json\/wp\/v2\/media\/3215"}],"wp:attachment":[{"href":"https:\/\/agora.xtec.cat\/ceip-lasardana\/wp-json\/wp\/v2\/media?parent=3214"}],"wp:term":[{"taxonomy":"category","embeddable":true,"href":"https:\/\/agora.xtec.cat\/ceip-lasardana\/wp-json\/wp\/v2\/categories?post=3214"},{"taxonomy":"post_tag","embeddable":true,"href":"https:\/\/agora.xtec.cat\/ceip-lasardana\/wp-json\/wp\/v2\/tags?post=3214"}],"curies":[{"name":"wp","href":"https:\/\/api.w.org\/{rel}","templated":true}]}}