{"id":3203,"date":"2017-05-04T21:09:13","date_gmt":"2017-05-04T19:09:13","guid":{"rendered":"http:\/\/agora.xtec.cat\/ceip-lasardana\/?p=3203"},"modified":"2017-05-04T21:09:13","modified_gmt":"2017-05-04T19:09:13","slug":"2n-dia-de-colonies-del-cicle-inicial","status":"publish","type":"post","link":"https:\/\/agora.xtec.cat\/ceip-lasardana\/portada\/2n-dia-de-colonies-del-cicle-inicial\/","title":{"rendered":"2n dia de col\u00f2nies del Cicle Inicial."},"content":{"rendered":"<p>Ahir els m\u00e9s petits van estar a la granja visitant els animals, un dels moments m\u00e9s esperats per tots els nens i nenes. Treballar l&#8217;estima per altres \u00e9ssers vius, el respecte i l&#8217;empatia s\u00f3n essencials.<\/p>\n<p>Avui han recollit el fem i l&#8217;han preparat per a la malla de secatge. Aix\u00ed preparem el llit per als animals. S&#8217;ho han passat molt b\u00e9!!<\/p>\n<p><a href=\"http:\/\/agora.xtec.cat\/ceip-lasardana\/wp-content\/uploads\/usu659\/2017\/05\/IMG-20170504-WA0065.jpg\"><img loading=\"lazy\" decoding=\"async\" class=\"alignnone size-large wp-image-3204\" src=\"http:\/\/agora.xtec.cat\/ceip-lasardana\/wp-content\/uploads\/usu659\/2017\/05\/IMG-20170504-WA0065-575x1024.jpg\" alt=\"IMG-20170504-WA0065\" width=\"575\" height=\"1024\" srcset=\"https:\/\/agora.xtec.cat\/ceip-lasardana\/wp-content\/uploads\/usu659\/2017\/05\/IMG-20170504-WA0065-575x1024.jpg 575w, https:\/\/agora.xtec.cat\/ceip-lasardana\/wp-content\/uploads\/usu659\/2017\/05\/IMG-20170504-WA0065-168x300.jpg 168w, https:\/\/agora.xtec.cat\/ceip-lasardana\/wp-content\/uploads\/usu659\/2017\/05\/IMG-20170504-WA0065-768x1368.jpg 768w, https:\/\/agora.xtec.cat\/ceip-lasardana\/wp-content\/uploads\/usu659\/2017\/05\/IMG-20170504-WA0065.jpg 898w\" sizes=\"auto, (max-width: 575px) 100vw, 575px\" \/><\/a><\/p>\n<p>&nbsp;<\/p>\n","protected":false},"excerpt":{"rendered":"<p>Ahir els m\u00e9s petits van estar a la granja visitant els animals, un dels moments m\u00e9s esperats per tots els nens i nenes. Treballar l&#8217;estima per altres \u00e9ssers vius, el respecte i l&#8217;empatia s\u00f3n essencials.<br \/>\nAvui han recollit el fem i l&#8217;han preparat per a la&hellip;  <a href=\"https:\/\/agora.xtec.cat\/ceip-lasardana\/portada\/2n-dia-de-colonies-del-cicle-inicial\/\" title=\"Read 2n dia de col\u00f2nies del Cicle Inicial.\">Llegeix m\u00e9s\u00bb<\/a><\/p>\n","protected":false},"author":8,"featured_media":3204,"comment_status":"open","ping_status":"open","sticky":false,"template":"","format":"standard","meta":{"_bbp_topic_count":0,"_bbp_reply_count":0,"_bbp_total_topic_count":0,"_bbp_total_reply_count":0,"_bbp_voice_count":0,"_bbp_anonymous_reply_count":0,"_bbp_topic_count_hidden":0,"_bbp_reply_count_hidden":0,"_bbp_forum_subforum_count":0,"footnotes":""},"categories":[10,11,47,4],"tags":[],"class_list":["post-3203","post","type-post","status-publish","format-standard","has-post-thumbnail","hentry","category-1r","category-2n","category-colonies","category-portada"],"post_mailing_queue_ids":[],"_links":{"self":[{"href":"https:\/\/agora.xtec.cat\/ceip-lasardana\/wp-json\/wp\/v2\/posts\/3203","targetHints":{"allow":["GET"]}}],"collection":[{"href":"https:\/\/agora.xtec.cat\/ceip-lasardana\/wp-json\/wp\/v2\/posts"}],"about":[{"href":"https:\/\/agora.xtec.cat\/ceip-lasardana\/wp-json\/wp\/v2\/types\/post"}],"author":[{"embeddable":true,"href":"https:\/\/agora.xtec.cat\/ceip-lasardana\/wp-json\/wp\/v2\/users\/8"}],"replies":[{"embeddable":true,"href":"https:\/\/agora.xtec.cat\/ceip-lasardana\/wp-json\/wp\/v2\/comments?post=3203"}],"version-history":[{"count":4,"href":"https:\/\/agora.xtec.cat\/ceip-lasardana\/wp-json\/wp\/v2\/posts\/3203\/revisions"}],"predecessor-version":[{"id":3208,"href":"https:\/\/agora.xtec.cat\/ceip-lasardana\/wp-json\/wp\/v2\/posts\/3203\/revisions\/3208"}],"wp:featuredmedia":[{"embeddable":true,"href":"https:\/\/agora.xtec.cat\/ceip-lasardana\/wp-json\/wp\/v2\/media\/3204"}],"wp:attachment":[{"href":"https:\/\/agora.xtec.cat\/ceip-lasardana\/wp-json\/wp\/v2\/media?parent=3203"}],"wp:term":[{"taxonomy":"category","embeddable":true,"href":"https:\/\/agora.xtec.cat\/ceip-lasardana\/wp-json\/wp\/v2\/categories?post=3203"},{"taxonomy":"post_tag","embeddable":true,"href":"https:\/\/agora.xtec.cat\/ceip-lasardana\/wp-json\/wp\/v2\/tags?post=3203"}],"curies":[{"name":"wp","href":"https:\/\/api.w.org\/{rel}","templated":true}]}}