{"id":3154,"date":"2017-04-24T18:30:38","date_gmt":"2017-04-24T16:30:38","guid":{"rendered":"http:\/\/agora.xtec.cat\/ceip-lasardana\/?p=3154"},"modified":"2017-04-24T18:33:31","modified_gmt":"2017-04-24T16:33:31","slug":"setmana-sense-soroll-del-24-al-30-dabril","status":"publish","type":"post","link":"https:\/\/agora.xtec.cat\/ceip-lasardana\/portada\/setmana-sense-soroll-del-24-al-30-dabril\/","title":{"rendered":"Setmana Sense Soroll del 24 al 30 d&#8217;abril."},"content":{"rendered":"<p>Al llarg d&#8217;aquesta setmana a molts llocs de Catalunya amb el lema <em>&#8220;Silenci Si us plau&#8221;\u00a0<\/em> s&#8217;impulsen activitats per conscienciar sobre el soroll i els seus efectes.<\/p>\n<p><a href=\"http:\/\/agora.xtec.cat\/ceip-lasardana\/wp-content\/uploads\/usu659\/2017\/04\/SSS.png\"><img loading=\"lazy\" decoding=\"async\" class=\"alignnone size-large wp-image-3155\" src=\"http:\/\/agora.xtec.cat\/ceip-lasardana\/wp-content\/uploads\/usu659\/2017\/04\/SSS-1024x341.png\" alt=\"SSS\" width=\"1024\" height=\"341\" srcset=\"https:\/\/agora.xtec.cat\/ceip-lasardana\/wp-content\/uploads\/usu659\/2017\/04\/SSS-1024x341.png 1024w, https:\/\/agora.xtec.cat\/ceip-lasardana\/wp-content\/uploads\/usu659\/2017\/04\/SSS-300x100.png 300w, https:\/\/agora.xtec.cat\/ceip-lasardana\/wp-content\/uploads\/usu659\/2017\/04\/SSS-768x256.png 768w, https:\/\/agora.xtec.cat\/ceip-lasardana\/wp-content\/uploads\/usu659\/2017\/04\/SSS.png 1600w\" sizes=\"auto, (max-width: 1024px) 100vw, 1024px\" \/><\/a><\/p>\n<p>El <strong>dimecres 26 d&#8217;abril \u00e9s el dia internacional sense soroll<\/strong> i el principal objectiu \u00e9s sensibilitzar i encoratjar a la poblaci\u00f3 a fer alguna cosa respecte al soroll i la contaminaci\u00f3 ac\u00fastica ja que ens afecta en el nostre dia a dia.<\/p>\n<p>L&#8217;Escola La Sardana aportar\u00e0 el seu granet de sorra i proposa la seg\u00fcent activitat:<\/p>\n<p>oferir\u00e0 un espai a les 9h del mat\u00ed perqu\u00e8 els nens i nenes sols o acompanyats pels seus familiars puguin deixar un cartellet penjat amb frases d&#8217;accions o sons que els hi agradi escoltar.<\/p>\n<p>Exemple: m&#8217;agrada escoltar el so de les onades del mar.<\/p>\n<p>Penseu la vostra proposta i animeu-vos a deixar la vostra empremta!<\/p>\n","protected":false},"excerpt":{"rendered":"<p>Al llarg d&#8217;aquesta setmana a molts llocs de Catalunya amb el lema &#8220;Silenci Si us plau&#8221;\u00a0 s&#8217;impulsen activitats per conscienciar sobre el soroll i els seus efectes.<br \/>\n<a href=\"http:\/\/agora.xtec.cat\/ceip-lasardana\/wp-content\/uploads\/usu659\/2017\/04\/SSS.png\"><\/a><br \/>\nEl dimecres 26 d&#8217;abril \u00e9s el dia internacional sense soroll i el principal objectiu \u00e9s sensibilitzar i encoratjar&hellip;  <a href=\"https:\/\/agora.xtec.cat\/ceip-lasardana\/portada\/setmana-sense-soroll-del-24-al-30-dabril\/\" title=\"Read Setmana Sense Soroll del 24 al 30 d&#8217;abril.\">Llegeix m\u00e9s\u00bb<\/a><\/p>\n","protected":false},"author":8,"featured_media":0,"comment_status":"open","ping_status":"open","sticky":false,"template":"","format":"standard","meta":{"_bbp_topic_count":0,"_bbp_reply_count":0,"_bbp_total_topic_count":0,"_bbp_total_reply_count":0,"_bbp_voice_count":0,"_bbp_anonymous_reply_count":0,"_bbp_topic_count_hidden":0,"_bbp_reply_count_hidden":0,"_bbp_forum_subforum_count":0,"footnotes":""},"categories":[22,4],"tags":[],"class_list":["post-3154","post","type-post","status-publish","format-standard","hentry","category-escola-verda","category-portada"],"post_mailing_queue_ids":[],"_links":{"self":[{"href":"https:\/\/agora.xtec.cat\/ceip-lasardana\/wp-json\/wp\/v2\/posts\/3154","targetHints":{"allow":["GET"]}}],"collection":[{"href":"https:\/\/agora.xtec.cat\/ceip-lasardana\/wp-json\/wp\/v2\/posts"}],"about":[{"href":"https:\/\/agora.xtec.cat\/ceip-lasardana\/wp-json\/wp\/v2\/types\/post"}],"author":[{"embeddable":true,"href":"https:\/\/agora.xtec.cat\/ceip-lasardana\/wp-json\/wp\/v2\/users\/8"}],"replies":[{"embeddable":true,"href":"https:\/\/agora.xtec.cat\/ceip-lasardana\/wp-json\/wp\/v2\/comments?post=3154"}],"version-history":[{"count":3,"href":"https:\/\/agora.xtec.cat\/ceip-lasardana\/wp-json\/wp\/v2\/posts\/3154\/revisions"}],"predecessor-version":[{"id":3160,"href":"https:\/\/agora.xtec.cat\/ceip-lasardana\/wp-json\/wp\/v2\/posts\/3154\/revisions\/3160"}],"wp:attachment":[{"href":"https:\/\/agora.xtec.cat\/ceip-lasardana\/wp-json\/wp\/v2\/media?parent=3154"}],"wp:term":[{"taxonomy":"category","embeddable":true,"href":"https:\/\/agora.xtec.cat\/ceip-lasardana\/wp-json\/wp\/v2\/categories?post=3154"},{"taxonomy":"post_tag","embeddable":true,"href":"https:\/\/agora.xtec.cat\/ceip-lasardana\/wp-json\/wp\/v2\/tags?post=3154"}],"curies":[{"name":"wp","href":"https:\/\/api.w.org\/{rel}","templated":true}]}}