{"id":3015,"date":"2017-04-01T16:16:22","date_gmt":"2017-04-01T14:16:22","guid":{"rendered":"http:\/\/agora.xtec.cat\/ceip-lasardana\/?p=3015"},"modified":"2017-04-01T16:16:22","modified_gmt":"2017-04-01T14:16:22","slug":"sortida-al-parc-natural-del-montseny","status":"publish","type":"post","link":"https:\/\/agora.xtec.cat\/ceip-lasardana\/portada\/sortida-al-parc-natural-del-montseny\/","title":{"rendered":"Sortida al Parc Natural del Montseny."},"content":{"rendered":"<p>El passat divendres 31 de mar\u00e7 els alumnes de 6\u00e8 van tenir l&#8217;oportunitat de fer una sortida al Parc Natural del Montseny, un dels 12 parcs que conformen la Xarxa de Parcs Naturals de Catalunya.<\/p>\n<p>Al llarg de tota la setmana hav\u00edem estat realitzant diferents activitats relacionades amb la sortida com per exemple saber tota la seva extensi\u00f3, on s&#8217;ubica, en quines comarques es troba, quan trigar\u00edem en arribar al punt de trobada i fins i tot quina seria la previsi\u00f3 meteorol\u00f2gica que ens trobar\u00edem aquell dia per saber quina roba hav\u00edem de portar.<\/p>\n<p><a href=\"http:\/\/agora.xtec.cat\/ceip-lasardana\/wp-content\/uploads\/usu659\/2017\/04\/p1.jpg\"><img loading=\"lazy\" decoding=\"async\" class=\"alignnone wp-image-3038\" src=\"http:\/\/agora.xtec.cat\/ceip-lasardana\/wp-content\/uploads\/usu659\/2017\/04\/p1.jpg\" alt=\"p1\" width=\"230\" height=\"130\" srcset=\"https:\/\/agora.xtec.cat\/ceip-lasardana\/wp-content\/uploads\/usu659\/2017\/04\/p1.jpg 768w, https:\/\/agora.xtec.cat\/ceip-lasardana\/wp-content\/uploads\/usu659\/2017\/04\/p1-300x169.jpg 300w\" sizes=\"auto, (max-width: 230px) 100vw, 230px\" \/>\u00a0<\/a> <a href=\"http:\/\/agora.xtec.cat\/ceip-lasardana\/wp-content\/uploads\/usu659\/2017\/04\/p2.jpg\"><img loading=\"lazy\" decoding=\"async\" class=\"alignnone wp-image-3039\" src=\"http:\/\/agora.xtec.cat\/ceip-lasardana\/wp-content\/uploads\/usu659\/2017\/04\/p2.jpg\" alt=\"p2\" width=\"235\" height=\"132\" srcset=\"https:\/\/agora.xtec.cat\/ceip-lasardana\/wp-content\/uploads\/usu659\/2017\/04\/p2.jpg 768w, https:\/\/agora.xtec.cat\/ceip-lasardana\/wp-content\/uploads\/usu659\/2017\/04\/p2-300x169.jpg 300w\" sizes=\"auto, (max-width: 235px) 100vw, 235px\" \/>\u00a0<\/a> <a href=\"http:\/\/agora.xtec.cat\/ceip-lasardana\/wp-content\/uploads\/usu659\/2017\/04\/p3.jpg\"><img loading=\"lazy\" decoding=\"async\" class=\"alignnone wp-image-3040\" src=\"http:\/\/agora.xtec.cat\/ceip-lasardana\/wp-content\/uploads\/usu659\/2017\/04\/p3.jpg\" alt=\"p3\" width=\"230\" height=\"129\" srcset=\"https:\/\/agora.xtec.cat\/ceip-lasardana\/wp-content\/uploads\/usu659\/2017\/04\/p3.jpg 768w, https:\/\/agora.xtec.cat\/ceip-lasardana\/wp-content\/uploads\/usu659\/2017\/04\/p3-300x169.jpg 300w\" sizes=\"auto, (max-width: 230px) 100vw, 230px\" \/><\/a><\/p>\n<p>Un cop all\u00e0 ens esper\u00e0ven la Silvia i el Mart\u00ed, dos educadors ambientals que ens van acompanyar en el recorregut que ens portava al Sot de l`&#8217;Infern. L&#8217;itinerari \u00e9s molt recomanable! Vam poder veure el Tur\u00f3 de l&#8217;Home, la zona dels castanyers vells, les cabanes dels carboners, i el que m\u00e9s ens va agradar va ser anar trobant rastres d&#8217;animals i identifcar de qui podien ser (porcs senglars, excrements de guineus ,ginetes i cucs de terra) per\u00f2 sens dubte arribar al riu i buscar entre les pedres els invertebrats va ser una activitat molt especial ja que a m\u00e9s a m\u00e9s un dels grups van poder trobar el Trit\u00f3 del Montseny que \u00e9s molt dificil de veure perqu\u00e8 es troba en perill d&#8217;extinci\u00f3.<\/p>\n<p><a href=\"http:\/\/agora.xtec.cat\/ceip-lasardana\/wp-content\/uploads\/usu659\/2017\/04\/m2.jpg\"><img loading=\"lazy\" decoding=\"async\" class=\"alignnone wp-image-3017\" src=\"http:\/\/agora.xtec.cat\/ceip-lasardana\/wp-content\/uploads\/usu659\/2017\/04\/m2.jpg\" alt=\"m2\" width=\"259\" height=\"145\" srcset=\"https:\/\/agora.xtec.cat\/ceip-lasardana\/wp-content\/uploads\/usu659\/2017\/04\/m2.jpg 768w, https:\/\/agora.xtec.cat\/ceip-lasardana\/wp-content\/uploads\/usu659\/2017\/04\/m2-300x169.jpg 300w\" sizes=\"auto, (max-width: 259px) 100vw, 259px\" \/><\/a>\u00a0\u00a0 <a href=\"http:\/\/agora.xtec.cat\/ceip-lasardana\/wp-content\/uploads\/usu659\/2017\/04\/m1.jpg\"><img loading=\"lazy\" decoding=\"async\" class=\"alignnone wp-image-3016\" src=\"http:\/\/agora.xtec.cat\/ceip-lasardana\/wp-content\/uploads\/usu659\/2017\/04\/m1.jpg\" alt=\"m1\" width=\"171\" height=\"106\" \/><\/a> \u00a0 <a href=\"http:\/\/agora.xtec.cat\/ceip-lasardana\/wp-content\/uploads\/usu659\/2017\/04\/m5.jpg\"><img loading=\"lazy\" decoding=\"async\" class=\"alignnone wp-image-3020\" src=\"http:\/\/agora.xtec.cat\/ceip-lasardana\/wp-content\/uploads\/usu659\/2017\/04\/m5.jpg\" alt=\"m5\" width=\"260\" height=\"146\" srcset=\"https:\/\/agora.xtec.cat\/ceip-lasardana\/wp-content\/uploads\/usu659\/2017\/04\/m5.jpg 768w, https:\/\/agora.xtec.cat\/ceip-lasardana\/wp-content\/uploads\/usu659\/2017\/04\/m5-300x169.jpg 300w\" sizes=\"auto, (max-width: 260px) 100vw, 260px\" \/><\/a><\/p>\n<p><a href=\"http:\/\/agora.xtec.cat\/ceip-lasardana\/wp-content\/uploads\/usu659\/2017\/04\/m4.jpg\"><img loading=\"lazy\" decoding=\"async\" class=\"alignnone wp-image-3019\" src=\"http:\/\/agora.xtec.cat\/ceip-lasardana\/wp-content\/uploads\/usu659\/2017\/04\/m4.jpg\" alt=\"m4\" width=\"694\" height=\"391\" srcset=\"https:\/\/agora.xtec.cat\/ceip-lasardana\/wp-content\/uploads\/usu659\/2017\/04\/m4.jpg 768w, https:\/\/agora.xtec.cat\/ceip-lasardana\/wp-content\/uploads\/usu659\/2017\/04\/m4-300x169.jpg 300w\" sizes=\"auto, (max-width: 694px) 100vw, 694px\" \/><\/a><\/p>\n","protected":false},"excerpt":{"rendered":"<p>El passat divendres 31 de mar\u00e7 els alumnes de 6\u00e8 van tenir l&#8217;oportunitat de fer una sortida al Parc Natural del Montseny, un dels 12 parcs que conformen la Xarxa de Parcs Naturals de Catalunya.<br \/>\nAl llarg de tota la setmana hav\u00edem estat realitzant diferents activitats&hellip;  <a href=\"https:\/\/agora.xtec.cat\/ceip-lasardana\/portada\/sortida-al-parc-natural-del-montseny\/\" title=\"Read Sortida al Parc Natural del Montseny.\">Llegeix m\u00e9s\u00bb<\/a><\/p>\n","protected":false},"author":8,"featured_media":3032,"comment_status":"open","ping_status":"open","sticky":false,"template":"","format":"standard","meta":{"_bbp_topic_count":0,"_bbp_reply_count":0,"_bbp_total_topic_count":0,"_bbp_total_reply_count":0,"_bbp_voice_count":0,"_bbp_anonymous_reply_count":0,"_bbp_topic_count_hidden":0,"_bbp_reply_count_hidden":0,"_bbp_forum_subforum_count":0,"footnotes":""},"categories":[15,98,22,4,27],"tags":[],"class_list":["post-3015","post","type-post","status-publish","format-standard","has-post-thumbnail","hentry","category-6e","category-aula-de-ciencies","category-escola-verda","category-portada","category-sortides"],"post_mailing_queue_ids":[],"_links":{"self":[{"href":"https:\/\/agora.xtec.cat\/ceip-lasardana\/wp-json\/wp\/v2\/posts\/3015","targetHints":{"allow":["GET"]}}],"collection":[{"href":"https:\/\/agora.xtec.cat\/ceip-lasardana\/wp-json\/wp\/v2\/posts"}],"about":[{"href":"https:\/\/agora.xtec.cat\/ceip-lasardana\/wp-json\/wp\/v2\/types\/post"}],"author":[{"embeddable":true,"href":"https:\/\/agora.xtec.cat\/ceip-lasardana\/wp-json\/wp\/v2\/users\/8"}],"replies":[{"embeddable":true,"href":"https:\/\/agora.xtec.cat\/ceip-lasardana\/wp-json\/wp\/v2\/comments?post=3015"}],"version-history":[{"count":3,"href":"https:\/\/agora.xtec.cat\/ceip-lasardana\/wp-json\/wp\/v2\/posts\/3015\/revisions"}],"predecessor-version":[{"id":3042,"href":"https:\/\/agora.xtec.cat\/ceip-lasardana\/wp-json\/wp\/v2\/posts\/3015\/revisions\/3042"}],"wp:featuredmedia":[{"embeddable":true,"href":"https:\/\/agora.xtec.cat\/ceip-lasardana\/wp-json\/wp\/v2\/media\/3032"}],"wp:attachment":[{"href":"https:\/\/agora.xtec.cat\/ceip-lasardana\/wp-json\/wp\/v2\/media?parent=3015"}],"wp:term":[{"taxonomy":"category","embeddable":true,"href":"https:\/\/agora.xtec.cat\/ceip-lasardana\/wp-json\/wp\/v2\/categories?post=3015"},{"taxonomy":"post_tag","embeddable":true,"href":"https:\/\/agora.xtec.cat\/ceip-lasardana\/wp-json\/wp\/v2\/tags?post=3015"}],"curies":[{"name":"wp","href":"https:\/\/api.w.org\/{rel}","templated":true}]}}