{"id":2966,"date":"2017-03-31T15:12:33","date_gmt":"2017-03-31T13:12:33","guid":{"rendered":"http:\/\/agora.xtec.cat\/ceip-lasardana\/?p=2966"},"modified":"2017-03-31T15:12:33","modified_gmt":"2017-03-31T13:12:33","slug":"10e-aniversari-gegantona-elionor","status":"publish","type":"post","link":"https:\/\/agora.xtec.cat\/ceip-lasardana\/portada\/10e-aniversari-gegantona-elionor\/","title":{"rendered":"10\u00e8 aniversari Gegantona Elionor"},"content":{"rendered":"<p><img loading=\"lazy\" decoding=\"async\" class=\" wp-image-2967 alignleft\" src=\"http:\/\/agora.xtec.cat\/ceip-lasardana\/wp-content\/uploads\/usu659\/2017\/03\/festaElionor.jpeg\" alt=\"festaelionor\" width=\"400\" height=\"400\" srcset=\"https:\/\/agora.xtec.cat\/ceip-lasardana\/wp-content\/uploads\/usu659\/2017\/03\/festaElionor.jpeg 530w, https:\/\/agora.xtec.cat\/ceip-lasardana\/wp-content\/uploads\/usu659\/2017\/03\/festaElionor-150x150.jpeg 150w, https:\/\/agora.xtec.cat\/ceip-lasardana\/wp-content\/uploads\/usu659\/2017\/03\/festaElionor-300x300.jpeg 300w\" sizes=\"auto, (max-width: 400px) 100vw, 400px\" \/>La gegantona Elionor de l&#8217;escola Miquel Mart\u00ed i Pol de Barber\u00e0 del Vall\u00e9s ens ha convidat a la seva festa d&#8217;aniversari!<\/p>\n<p>Ser\u00e0 el proper diumenge 14 de maig. Han convidat al nostre gegant Joan i a totes les fam\u00edlies de la Sardana que hi vulguin participar. Com que cal informar als organitzadors de quantes persones assistiran, a la sala de l&#8217;AMPA hi ha un paper per apuntar-se (i dir si voleu botifarrada). Teniu fins al dia 7 d&#8217;abril per apuntar-vos!<\/p>\n<p>Ens veiem a la festa!<\/p>\n<p>&nbsp;<\/p>\n<p>&nbsp;<\/p>\n","protected":false},"excerpt":{"rendered":"<p>La gegantona Elionor de l&#8217;escola Miquel Mart\u00ed i Pol de Barber\u00e0 del Vall\u00e9s ens ha convidat a la seva festa d&#8217;aniversari!<br \/>\nSer\u00e0 el proper diumenge 14 de maig. Han convidat al nostre gegant Joan i a totes les fam\u00edlies de la Sardana que hi vulguin participar.&hellip;  <a href=\"https:\/\/agora.xtec.cat\/ceip-lasardana\/portada\/10e-aniversari-gegantona-elionor\/\" title=\"Read 10\u00e8 aniversari Gegantona Elionor\">Llegeix m\u00e9s\u00bb<\/a><\/p>\n","protected":false},"author":39,"featured_media":2967,"comment_status":"open","ping_status":"open","sticky":false,"template":"","format":"standard","meta":{"_bbp_topic_count":0,"_bbp_reply_count":0,"_bbp_total_topic_count":0,"_bbp_total_reply_count":0,"_bbp_voice_count":0,"_bbp_anonymous_reply_count":0,"_bbp_topic_count_hidden":0,"_bbp_reply_count_hidden":0,"_bbp_forum_subforum_count":0,"footnotes":""},"categories":[7,4],"tags":[],"class_list":["post-2966","post","type-post","status-publish","format-standard","has-post-thumbnail","hentry","category-afa","category-portada"],"post_mailing_queue_ids":[],"_links":{"self":[{"href":"https:\/\/agora.xtec.cat\/ceip-lasardana\/wp-json\/wp\/v2\/posts\/2966","targetHints":{"allow":["GET"]}}],"collection":[{"href":"https:\/\/agora.xtec.cat\/ceip-lasardana\/wp-json\/wp\/v2\/posts"}],"about":[{"href":"https:\/\/agora.xtec.cat\/ceip-lasardana\/wp-json\/wp\/v2\/types\/post"}],"author":[{"embeddable":true,"href":"https:\/\/agora.xtec.cat\/ceip-lasardana\/wp-json\/wp\/v2\/users\/39"}],"replies":[{"embeddable":true,"href":"https:\/\/agora.xtec.cat\/ceip-lasardana\/wp-json\/wp\/v2\/comments?post=2966"}],"version-history":[{"count":3,"href":"https:\/\/agora.xtec.cat\/ceip-lasardana\/wp-json\/wp\/v2\/posts\/2966\/revisions"}],"predecessor-version":[{"id":2970,"href":"https:\/\/agora.xtec.cat\/ceip-lasardana\/wp-json\/wp\/v2\/posts\/2966\/revisions\/2970"}],"wp:featuredmedia":[{"embeddable":true,"href":"https:\/\/agora.xtec.cat\/ceip-lasardana\/wp-json\/wp\/v2\/media\/2967"}],"wp:attachment":[{"href":"https:\/\/agora.xtec.cat\/ceip-lasardana\/wp-json\/wp\/v2\/media?parent=2966"}],"wp:term":[{"taxonomy":"category","embeddable":true,"href":"https:\/\/agora.xtec.cat\/ceip-lasardana\/wp-json\/wp\/v2\/categories?post=2966"},{"taxonomy":"post_tag","embeddable":true,"href":"https:\/\/agora.xtec.cat\/ceip-lasardana\/wp-json\/wp\/v2\/tags?post=2966"}],"curies":[{"name":"wp","href":"https:\/\/api.w.org\/{rel}","templated":true}]}}