{"id":2623,"date":"2017-02-27T15:25:03","date_gmt":"2017-02-27T14:25:03","guid":{"rendered":"http:\/\/agora.xtec.cat\/ceip-lasardana\/?p=2623"},"modified":"2017-02-27T15:25:03","modified_gmt":"2017-02-27T14:25:03","slug":"collita-de-cols-coliflors-i-broquils","status":"publish","type":"post","link":"https:\/\/agora.xtec.cat\/ceip-lasardana\/general\/collita-de-cols-coliflors-i-broquils\/","title":{"rendered":"Collita de cols, coliflors i br\u00f2quils."},"content":{"rendered":"<p><a href=\"http:\/\/agora.xtec.cat\/ceip-lasardana\/wp-content\/uploads\/usu659\/2017\/02\/4-1.jpg\"><img loading=\"lazy\" decoding=\"async\" class=\"wp-image-2627 alignleft\" src=\"http:\/\/agora.xtec.cat\/ceip-lasardana\/wp-content\/uploads\/usu659\/2017\/02\/4-1.jpg\" alt=\"\" width=\"455\" height=\"256\" srcset=\"https:\/\/agora.xtec.cat\/ceip-lasardana\/wp-content\/uploads\/usu659\/2017\/02\/4-1.jpg 768w, https:\/\/agora.xtec.cat\/ceip-lasardana\/wp-content\/uploads\/usu659\/2017\/02\/4-1-300x169.jpg 300w\" sizes=\"auto, (max-width: 455px) 100vw, 455px\" \/><\/a>Al llarg d&#8217;aquest mes de febrer hem pogut recollir les nostres hortalisses plantades a la tardor.\u00a0 Despr\u00e9s de pr\u00e0cticament 5 mesos d&#8217;observaci\u00f3 i tasques a l&#8217; hort hem pogut gaudir del moment m\u00e9s esperat, el reconeixement al nostre esfor\u00e7!<\/p>\n<p><a href=\"http:\/\/agora.xtec.cat\/ceip-lasardana\/wp-content\/uploads\/usu659\/2017\/02\/5-1.jpg\"><img loading=\"lazy\" decoding=\"async\" class=\"wp-image-2628 aligncenter\" src=\"http:\/\/agora.xtec.cat\/ceip-lasardana\/wp-content\/uploads\/usu659\/2017\/02\/5-1.jpg\" alt=\"5\" width=\"265\" height=\"149\" srcset=\"https:\/\/agora.xtec.cat\/ceip-lasardana\/wp-content\/uploads\/usu659\/2017\/02\/5-1.jpg 768w, https:\/\/agora.xtec.cat\/ceip-lasardana\/wp-content\/uploads\/usu659\/2017\/02\/5-1-300x169.jpg 300w\" sizes=\"auto, (max-width: 265px) 100vw, 265px\" \/><\/a><\/p>\n<p><a href=\"http:\/\/agora.xtec.cat\/ceip-lasardana\/wp-content\/uploads\/usu659\/2017\/02\/1-1.jpg\"><img loading=\"lazy\" decoding=\"async\" class=\"wp-image-2624 alignleft\" src=\"http:\/\/agora.xtec.cat\/ceip-lasardana\/wp-content\/uploads\/usu659\/2017\/02\/1-1.jpg\" alt=\"1\" width=\"270\" height=\"152\" srcset=\"https:\/\/agora.xtec.cat\/ceip-lasardana\/wp-content\/uploads\/usu659\/2017\/02\/1-1.jpg 768w, https:\/\/agora.xtec.cat\/ceip-lasardana\/wp-content\/uploads\/usu659\/2017\/02\/1-1-300x169.jpg 300w\" sizes=\"auto, (max-width: 270px) 100vw, 270px\" \/><\/a>Aquest mes, alhora hem aprofitat per plantar novament a la parcel\u00b7la on ten\u00edem els cal\u00e7ots i ara estem cuidant les bledes i espinacs que si tot va b\u00e9 tastarem cap al mes de maig.<\/p>\n","protected":false},"excerpt":{"rendered":"<p><a href=\"http:\/\/agora.xtec.cat\/ceip-lasardana\/wp-content\/uploads\/usu659\/2017\/02\/4-1.jpg\"><\/a>Al llarg d&#8217;aquest mes de febrer hem pogut recollir les nostres hortalisses plantades a la tardor.\u00a0 Despr\u00e9s de pr\u00e0cticament 5 mesos d&#8217;observaci\u00f3 i tasques a l&#8217; hort hem pogut gaudir del moment m\u00e9s esperat, el reconeixement al nostre esfor\u00e7!<br \/>\n<a href=\"http:\/\/agora.xtec.cat\/ceip-lasardana\/wp-content\/uploads\/usu659\/2017\/02\/5-1.jpg\"><\/a><br \/>\n<a href=\"http:\/\/agora.xtec.cat\/ceip-lasardana\/wp-content\/uploads\/usu659\/2017\/02\/1-1.jpg\"><\/a>Aquest mes, alhora hem&hellip;  <a href=\"https:\/\/agora.xtec.cat\/ceip-lasardana\/general\/collita-de-cols-coliflors-i-broquils\/\" title=\"Read Collita de cols, coliflors i br\u00f2quils.\">Llegeix m\u00e9s\u00bb<\/a><\/p>\n","protected":false},"author":8,"featured_media":2627,"comment_status":"open","ping_status":"open","sticky":false,"template":"","format":"standard","meta":{"_bbp_topic_count":0,"_bbp_reply_count":0,"_bbp_total_topic_count":0,"_bbp_total_reply_count":0,"_bbp_voice_count":0,"_bbp_anonymous_reply_count":0,"_bbp_topic_count_hidden":0,"_bbp_reply_count_hidden":0,"_bbp_forum_subforum_count":0,"footnotes":""},"categories":[22,1,4],"tags":[],"class_list":["post-2623","post","type-post","status-publish","format-standard","has-post-thumbnail","hentry","category-escola-verda","category-general","category-portada"],"post_mailing_queue_ids":[],"_links":{"self":[{"href":"https:\/\/agora.xtec.cat\/ceip-lasardana\/wp-json\/wp\/v2\/posts\/2623","targetHints":{"allow":["GET"]}}],"collection":[{"href":"https:\/\/agora.xtec.cat\/ceip-lasardana\/wp-json\/wp\/v2\/posts"}],"about":[{"href":"https:\/\/agora.xtec.cat\/ceip-lasardana\/wp-json\/wp\/v2\/types\/post"}],"author":[{"embeddable":true,"href":"https:\/\/agora.xtec.cat\/ceip-lasardana\/wp-json\/wp\/v2\/users\/8"}],"replies":[{"embeddable":true,"href":"https:\/\/agora.xtec.cat\/ceip-lasardana\/wp-json\/wp\/v2\/comments?post=2623"}],"version-history":[{"count":3,"href":"https:\/\/agora.xtec.cat\/ceip-lasardana\/wp-json\/wp\/v2\/posts\/2623\/revisions"}],"predecessor-version":[{"id":2632,"href":"https:\/\/agora.xtec.cat\/ceip-lasardana\/wp-json\/wp\/v2\/posts\/2623\/revisions\/2632"}],"wp:featuredmedia":[{"embeddable":true,"href":"https:\/\/agora.xtec.cat\/ceip-lasardana\/wp-json\/wp\/v2\/media\/2627"}],"wp:attachment":[{"href":"https:\/\/agora.xtec.cat\/ceip-lasardana\/wp-json\/wp\/v2\/media?parent=2623"}],"wp:term":[{"taxonomy":"category","embeddable":true,"href":"https:\/\/agora.xtec.cat\/ceip-lasardana\/wp-json\/wp\/v2\/categories?post=2623"},{"taxonomy":"post_tag","embeddable":true,"href":"https:\/\/agora.xtec.cat\/ceip-lasardana\/wp-json\/wp\/v2\/tags?post=2623"}],"curies":[{"name":"wp","href":"https:\/\/api.w.org\/{rel}","templated":true}]}}