{"id":2590,"date":"2017-02-19T19:19:35","date_gmt":"2017-02-19T18:19:35","guid":{"rendered":"http:\/\/agora.xtec.cat\/ceip-lasardana\/?p=2590"},"modified":"2017-02-19T19:19:35","modified_gmt":"2017-02-19T18:19:35","slug":"visita-de-la-il-lustradora-merce-aranega","status":"publish","type":"post","link":"https:\/\/agora.xtec.cat\/ceip-lasardana\/portada\/visita-de-la-il-lustradora-merce-aranega\/","title":{"rendered":"Visita de la il.lustradora Merc\u00e8 Ar\u00e0nega"},"content":{"rendered":"<p>&nbsp;<\/p>\n<p><a href=\"http:\/\/agora.xtec.cat\/ceip-lasardana\/wp-content\/uploads\/usu659\/2017\/02\/IMG_3618.jpg\"><img loading=\"lazy\" decoding=\"async\" class=\"alignnone size-full wp-image-2591\" src=\"http:\/\/agora.xtec.cat\/ceip-lasardana\/wp-content\/uploads\/usu659\/2017\/02\/IMG_3618.jpg\" alt=\"img_3618\" width=\"640\" height=\"480\" srcset=\"https:\/\/agora.xtec.cat\/ceip-lasardana\/wp-content\/uploads\/usu659\/2017\/02\/IMG_3618.jpg 640w, https:\/\/agora.xtec.cat\/ceip-lasardana\/wp-content\/uploads\/usu659\/2017\/02\/IMG_3618-300x225.jpg 300w, https:\/\/agora.xtec.cat\/ceip-lasardana\/wp-content\/uploads\/usu659\/2017\/02\/IMG_3618-200x150.jpg 200w\" sizes=\"auto, (max-width: 640px) 100vw, 640px\" \/><\/a> <a href=\"http:\/\/agora.xtec.cat\/ceip-lasardana\/wp-content\/uploads\/usu659\/2017\/02\/IMG_3611.jpg\"><img loading=\"lazy\" decoding=\"async\" class=\"alignnone size-full wp-image-2592\" src=\"http:\/\/agora.xtec.cat\/ceip-lasardana\/wp-content\/uploads\/usu659\/2017\/02\/IMG_3611.jpg\" alt=\"img_3611\" width=\"640\" height=\"480\" srcset=\"https:\/\/agora.xtec.cat\/ceip-lasardana\/wp-content\/uploads\/usu659\/2017\/02\/IMG_3611.jpg 640w, https:\/\/agora.xtec.cat\/ceip-lasardana\/wp-content\/uploads\/usu659\/2017\/02\/IMG_3611-300x225.jpg 300w, https:\/\/agora.xtec.cat\/ceip-lasardana\/wp-content\/uploads\/usu659\/2017\/02\/IMG_3611-200x150.jpg 200w\" sizes=\"auto, (max-width: 640px) 100vw, 640px\" \/><\/a><\/p>\n<p>El passat dilluns 13 de febrer els alumnes de 3r. vam rebre la visita de la il\u00b7lustradora Merc\u00e8 Ar\u00e0nega.<\/p>\n<p>Eren moltes les preguntes que hav\u00edem preparat per a l\u2019ocasi\u00f3, despr\u00e8s d\u2019haver tractat el tema de la il\u00b7lustraci\u00f3 dels llibres.<\/p>\n<p>Dubt\u00e0vem, per exemple, entre si primer s\u2019escrivia el text i despr\u00e9s s\u2019il\u00b7lustrava o a l\u2019inrev\u00e9s. Ens va contestar que per il\u00b7lustrar partia d\u2019un text. L\u2019hi vam preguntar quants llibres havia il\u00b7lustrat, ens va dir que uns 82 i que actualment treballava en un llibre que tenia com a \u00a0protagonista un detectiu. Tamb\u00e9 vam saber que trigava dos mesos en il\u00b7lustrar un llibre, que treballa de dia, que ha il\u00b7lustrat llibres de les estacions de l\u2019any, com el que es titula \u201cCan\u00e7ons de tardor\u201d de No\u00e9 Rivas,\u00a0 i llibres que tenen joc, com el de \u201cTu acabes els poemes \u201c amb text de Lola Casas.<\/p>\n<p>Ens va parlar d\u2019un llibre que es titula \u201cUna medecina per no plorar\u201d , del David Paloma, i que tracta d\u2019una nena que, de tant plorar com una magdalena, se li posa el cap de magdalena i aix\u00ed ens la va dibuixar ella, en un moment. Tamb\u00e9 ens va dibuixar un personatge molt divertit el conill Tupi.<\/p>\n<p>Va ser una estona compartida molt emocionant. El fet qu\u00e8 ens visit\u00e9s una il\u00b7lustradora que dibuixa tan b\u00e9 de ben segur que ens apropa molt m\u00e9s al m\u00f3n dels llibres.<\/p>\n<p>&nbsp;<\/p>\n","protected":false},"excerpt":{"rendered":"<p>&nbsp;<br \/>\n<a href=\"http:\/\/agora.xtec.cat\/ceip-lasardana\/wp-content\/uploads\/usu659\/2017\/02\/IMG_3618.jpg\"><\/a> <a href=\"http:\/\/agora.xtec.cat\/ceip-lasardana\/wp-content\/uploads\/usu659\/2017\/02\/IMG_3611.jpg\"><\/a><br \/>\nEl passat dilluns 13 de febrer els alumnes de 3r. vam rebre la visita de la il\u00b7lustradora Merc\u00e8 Ar\u00e0nega.<br \/>\nEren moltes les preguntes que hav\u00edem preparat per a l\u2019ocasi\u00f3, despr\u00e8s d\u2019haver tractat el tema de la il\u00b7lustraci\u00f3 dels llibres.<br \/>\nDubt\u00e0vem, per exemple, entre si&hellip;  <a href=\"https:\/\/agora.xtec.cat\/ceip-lasardana\/portada\/visita-de-la-il-lustradora-merce-aranega\/\" title=\"Read Visita de la il.lustradora Merc\u00e8 Ar\u00e0nega\">Llegeix m\u00e9s\u00bb<\/a><\/p>\n","protected":false},"author":25,"featured_media":2591,"comment_status":"open","ping_status":"open","sticky":false,"template":"","format":"standard","meta":{"_bbp_topic_count":0,"_bbp_reply_count":0,"_bbp_total_topic_count":0,"_bbp_total_reply_count":0,"_bbp_voice_count":0,"_bbp_anonymous_reply_count":0,"_bbp_topic_count_hidden":0,"_bbp_reply_count_hidden":0,"_bbp_forum_subforum_count":0,"footnotes":""},"categories":[12,122,4],"tags":[],"class_list":["post-2590","post","type-post","status-publish","format-standard","has-post-thumbnail","hentry","category-3r","category-biblioteca","category-portada"],"post_mailing_queue_ids":[],"_links":{"self":[{"href":"https:\/\/agora.xtec.cat\/ceip-lasardana\/wp-json\/wp\/v2\/posts\/2590","targetHints":{"allow":["GET"]}}],"collection":[{"href":"https:\/\/agora.xtec.cat\/ceip-lasardana\/wp-json\/wp\/v2\/posts"}],"about":[{"href":"https:\/\/agora.xtec.cat\/ceip-lasardana\/wp-json\/wp\/v2\/types\/post"}],"author":[{"embeddable":true,"href":"https:\/\/agora.xtec.cat\/ceip-lasardana\/wp-json\/wp\/v2\/users\/25"}],"replies":[{"embeddable":true,"href":"https:\/\/agora.xtec.cat\/ceip-lasardana\/wp-json\/wp\/v2\/comments?post=2590"}],"version-history":[{"count":1,"href":"https:\/\/agora.xtec.cat\/ceip-lasardana\/wp-json\/wp\/v2\/posts\/2590\/revisions"}],"predecessor-version":[{"id":2593,"href":"https:\/\/agora.xtec.cat\/ceip-lasardana\/wp-json\/wp\/v2\/posts\/2590\/revisions\/2593"}],"wp:featuredmedia":[{"embeddable":true,"href":"https:\/\/agora.xtec.cat\/ceip-lasardana\/wp-json\/wp\/v2\/media\/2591"}],"wp:attachment":[{"href":"https:\/\/agora.xtec.cat\/ceip-lasardana\/wp-json\/wp\/v2\/media?parent=2590"}],"wp:term":[{"taxonomy":"category","embeddable":true,"href":"https:\/\/agora.xtec.cat\/ceip-lasardana\/wp-json\/wp\/v2\/categories?post=2590"},{"taxonomy":"post_tag","embeddable":true,"href":"https:\/\/agora.xtec.cat\/ceip-lasardana\/wp-json\/wp\/v2\/tags?post=2590"}],"curies":[{"name":"wp","href":"https:\/\/api.w.org\/{rel}","templated":true}]}}