{"id":2521,"date":"2017-02-11T21:06:31","date_gmt":"2017-02-11T20:06:31","guid":{"rendered":"http:\/\/agora.xtec.cat\/ceip-lasardana\/?p=2521"},"modified":"2017-02-11T21:06:31","modified_gmt":"2017-02-11T20:06:31","slug":"contacontes-a-la-biblioteca-en-tabalet","status":"publish","type":"post","link":"https:\/\/agora.xtec.cat\/ceip-lasardana\/portada\/contacontes-a-la-biblioteca-en-tabalet\/","title":{"rendered":"Contacontes a la biblioteca: &#8220;En Tabalet&#8221;"},"content":{"rendered":"<p>&nbsp;<\/p>\n<p>A cada sessi\u00f3 de biblioteca dels nens i nenes de 1r. i 2n. vivim un moment m\u00e0gic.<\/p>\n<p>Aquest moment es produeix quan\u00a0 tenim el privilegi de gaudir d&#8217;una\u00a0 sessi\u00f3 de contacontes preparada per algun nen o nena de la classe.<\/p>\n<p>Aquesta activitat a m\u00e9s de millorar l&#8217;expressi\u00f3 oral dels alumnes i apropar-los als llibres treballa els vincles amb la fam\u00edlia, que \u00e9s qui ajuda al nen o nena a preparar el conte.<\/p>\n<p>Qui explica el conte se sent protagonista i els seus companys agra\u00efts escolten amb atenci\u00f3 i gaudeixen de la narraci\u00f3.<\/p>\n<p>Cliqueu <a href=\"https:\/\/www.youtube.com\/watch?v=DYdNsLmAVpU&amp;feature=em-upload_owner\">aqui <\/a>i veureu el moment m\u00e0gic del qual parlo.<\/p>\n","protected":false},"excerpt":{"rendered":"<p>&nbsp;<br \/>\nA cada sessi\u00f3 de biblioteca dels nens i nenes de 1r. i 2n. vivim un moment m\u00e0gic.<br \/>\nAquest moment es produeix quan\u00a0 tenim el privilegi de gaudir d&#8217;una\u00a0 sessi\u00f3 de contacontes preparada per algun nen o nena de la classe.<br \/>\nAquesta activitat a m\u00e9s de millorar l&#8217;expressi\u00f3&hellip;  <a href=\"https:\/\/agora.xtec.cat\/ceip-lasardana\/portada\/contacontes-a-la-biblioteca-en-tabalet\/\" title=\"Read Contacontes a la biblioteca: &#8220;En Tabalet&#8221;\">Llegeix m\u00e9s\u00bb<\/a><\/p>\n","protected":false},"author":25,"featured_media":0,"comment_status":"open","ping_status":"open","sticky":false,"template":"","format":"standard","meta":{"_bbp_topic_count":0,"_bbp_reply_count":0,"_bbp_total_topic_count":0,"_bbp_total_reply_count":0,"_bbp_voice_count":0,"_bbp_anonymous_reply_count":0,"_bbp_topic_count_hidden":0,"_bbp_reply_count_hidden":0,"_bbp_forum_subforum_count":0,"footnotes":""},"categories":[10,11,122,4],"tags":[],"class_list":["post-2521","post","type-post","status-publish","format-standard","hentry","category-1r","category-2n","category-biblioteca","category-portada"],"post_mailing_queue_ids":[],"_links":{"self":[{"href":"https:\/\/agora.xtec.cat\/ceip-lasardana\/wp-json\/wp\/v2\/posts\/2521","targetHints":{"allow":["GET"]}}],"collection":[{"href":"https:\/\/agora.xtec.cat\/ceip-lasardana\/wp-json\/wp\/v2\/posts"}],"about":[{"href":"https:\/\/agora.xtec.cat\/ceip-lasardana\/wp-json\/wp\/v2\/types\/post"}],"author":[{"embeddable":true,"href":"https:\/\/agora.xtec.cat\/ceip-lasardana\/wp-json\/wp\/v2\/users\/25"}],"replies":[{"embeddable":true,"href":"https:\/\/agora.xtec.cat\/ceip-lasardana\/wp-json\/wp\/v2\/comments?post=2521"}],"version-history":[{"count":3,"href":"https:\/\/agora.xtec.cat\/ceip-lasardana\/wp-json\/wp\/v2\/posts\/2521\/revisions"}],"predecessor-version":[{"id":2524,"href":"https:\/\/agora.xtec.cat\/ceip-lasardana\/wp-json\/wp\/v2\/posts\/2521\/revisions\/2524"}],"wp:attachment":[{"href":"https:\/\/agora.xtec.cat\/ceip-lasardana\/wp-json\/wp\/v2\/media?parent=2521"}],"wp:term":[{"taxonomy":"category","embeddable":true,"href":"https:\/\/agora.xtec.cat\/ceip-lasardana\/wp-json\/wp\/v2\/categories?post=2521"},{"taxonomy":"post_tag","embeddable":true,"href":"https:\/\/agora.xtec.cat\/ceip-lasardana\/wp-json\/wp\/v2\/tags?post=2521"}],"curies":[{"name":"wp","href":"https:\/\/api.w.org\/{rel}","templated":true}]}}