{"id":2073,"date":"2016-12-13T13:42:14","date_gmt":"2016-12-13T12:42:14","guid":{"rendered":"http:\/\/agora.xtec.cat\/ceip-lasardana\/?p=2073"},"modified":"2016-12-13T20:55:51","modified_gmt":"2016-12-13T19:55:51","slug":"els-racons-matematics-en-un-mannequen-challence","status":"publish","type":"post","link":"https:\/\/agora.xtec.cat\/ceip-lasardana\/general\/els-racons-matematics-en-un-mannequen-challence\/","title":{"rendered":"Els racons matem\u00e0tics en un Mannequen Challence."},"content":{"rendered":"<p><iframe loading=\"lazy\" title=\"Mannequen challence sis\u00e8\" width=\"500\" height=\"281\" src=\"https:\/\/www.youtube.com\/embed\/ztpmbBOzbxY?feature=oembed\" frameborder=\"0\" allow=\"accelerometer; autoplay; clipboard-write; encrypted-media; gyroscope; picture-in-picture; web-share\" referrerpolicy=\"strict-origin-when-cross-origin\" allowfullscreen><\/iframe><\/p>\n<p>Repte superat!! Sis\u00e8 ja t\u00e9 el seu Mannequen Challence.<br \/>\nPer mostrar-vos com treballem a sis\u00e8 els racons matem\u00e0tics, aqu\u00ed us deixem amb unes imatges on podeu veure&#8217;ns en acci\u00f3.<\/p>\n","protected":false},"excerpt":{"rendered":"<p>Repte superat!! Sis\u00e8 ja t\u00e9 el seu Mannequen Challence.<br \/>\nPer mostrar-vos com treballem a sis\u00e8 els racons matem\u00e0tics, aqu\u00ed us deixem amb unes imatges on podeu veure&#8217;ns en acci\u00f3.<\/p>\n","protected":false},"author":1,"featured_media":0,"comment_status":"open","ping_status":"open","sticky":false,"template":"","format":"standard","meta":{"_bbp_topic_count":0,"_bbp_reply_count":0,"_bbp_total_topic_count":0,"_bbp_total_reply_count":0,"_bbp_voice_count":0,"_bbp_anonymous_reply_count":0,"_bbp_topic_count_hidden":0,"_bbp_reply_count_hidden":0,"_bbp_forum_subforum_count":0,"footnotes":""},"categories":[15,1,4],"tags":[113,114,38],"class_list":["post-2073","post","type-post","status-publish","format-standard","hentry","category-6e","category-general","category-portada","tag-general","tag-mannequen-challence","tag-sise"],"post_mailing_queue_ids":[],"_links":{"self":[{"href":"https:\/\/agora.xtec.cat\/ceip-lasardana\/wp-json\/wp\/v2\/posts\/2073","targetHints":{"allow":["GET"]}}],"collection":[{"href":"https:\/\/agora.xtec.cat\/ceip-lasardana\/wp-json\/wp\/v2\/posts"}],"about":[{"href":"https:\/\/agora.xtec.cat\/ceip-lasardana\/wp-json\/wp\/v2\/types\/post"}],"author":[{"embeddable":true,"href":"https:\/\/agora.xtec.cat\/ceip-lasardana\/wp-json\/wp\/v2\/users\/1"}],"replies":[{"embeddable":true,"href":"https:\/\/agora.xtec.cat\/ceip-lasardana\/wp-json\/wp\/v2\/comments?post=2073"}],"version-history":[{"count":3,"href":"https:\/\/agora.xtec.cat\/ceip-lasardana\/wp-json\/wp\/v2\/posts\/2073\/revisions"}],"predecessor-version":[{"id":2080,"href":"https:\/\/agora.xtec.cat\/ceip-lasardana\/wp-json\/wp\/v2\/posts\/2073\/revisions\/2080"}],"wp:attachment":[{"href":"https:\/\/agora.xtec.cat\/ceip-lasardana\/wp-json\/wp\/v2\/media?parent=2073"}],"wp:term":[{"taxonomy":"category","embeddable":true,"href":"https:\/\/agora.xtec.cat\/ceip-lasardana\/wp-json\/wp\/v2\/categories?post=2073"},{"taxonomy":"post_tag","embeddable":true,"href":"https:\/\/agora.xtec.cat\/ceip-lasardana\/wp-json\/wp\/v2\/tags?post=2073"}],"curies":[{"name":"wp","href":"https:\/\/api.w.org\/{rel}","templated":true}]}}