{"id":2003,"date":"2016-11-30T15:37:55","date_gmt":"2016-11-30T14:37:55","guid":{"rendered":"http:\/\/agora.xtec.cat\/ceip-lasardana\/?p=2003"},"modified":"2016-11-30T15:39:32","modified_gmt":"2016-11-30T14:39:32","slug":"els-nostres-representants-al-consell-dels-infants","status":"publish","type":"post","link":"https:\/\/agora.xtec.cat\/ceip-lasardana\/general\/els-nostres-representants-al-consell-dels-infants\/","title":{"rendered":"Els nostres representants al Consell dels Infants."},"content":{"rendered":"<p><a href=\"http:\/\/agora.xtec.cat\/ceip-lasardana\/wp-content\/uploads\/usu659\/2016\/11\/DSC_6434.jpg\"><img loading=\"lazy\" decoding=\"async\" class=\"wp-image-2004 alignleft\" src=\"http:\/\/agora.xtec.cat\/ceip-lasardana\/wp-content\/uploads\/usu659\/2016\/11\/DSC_6434.jpg\" alt=\"\" width=\"399\" height=\"225\" srcset=\"https:\/\/agora.xtec.cat\/ceip-lasardana\/wp-content\/uploads\/usu659\/2016\/11\/DSC_6434.jpg 768w, https:\/\/agora.xtec.cat\/ceip-lasardana\/wp-content\/uploads\/usu659\/2016\/11\/DSC_6434-300x169.jpg 300w\" sizes=\"auto, (max-width: 399px) 100vw, 399px\" \/><\/a><\/p>\n<p>El passat divendres 25 de novembre, es va celebrar la primera sessi\u00f3 del Consell dels Infants de Badia del Vall\u00e8s.<\/p>\n<p>La Bruna i l&#8217;Isaias s\u00f3n 2 dels infants que el conformen i afroten aquest nou repte amb molta il\u00b7lusi\u00f3.<\/p>\n<p>Els membres de l\u2019equip de govern es van comprometre a tenir en compte el Consell dels Infants de cara a la programaci\u00f3 de Festa Major i a buscar el seu assessorament en temes com la construcci\u00f3 o remodelaci\u00f3 de parcs infantils.<\/p>\n<p>A m\u00e9s, l\u2019alcaldessa i els regidors van fer el primer enc\u00e0rrec als consellers i conselleres: <strong>idear una campanya de civisme per sensibilitzar la ciutadania.<br \/>\n<\/strong><\/p>\n<p>Molta sort i molta empenta per aquests petits ciutadans que poden dir la seva!<\/p>\n","protected":false},"excerpt":{"rendered":"<p><a href=\"http:\/\/agora.xtec.cat\/ceip-lasardana\/wp-content\/uploads\/usu659\/2016\/11\/DSC_6434.jpg\"><\/a><br \/>\nEl passat divendres 25 de novembre, es va celebrar la primera sessi\u00f3 del Consell dels Infants de Badia del Vall\u00e8s.<br \/>\nLa Bruna i l&#8217;Isaias s\u00f3n 2 dels infants que el conformen i afroten aquest nou repte amb molta il\u00b7lusi\u00f3.<br \/>\nEls membres de l\u2019equip de govern es&hellip;  <a href=\"https:\/\/agora.xtec.cat\/ceip-lasardana\/general\/els-nostres-representants-al-consell-dels-infants\/\" title=\"Read Els nostres representants al Consell dels Infants.\">Llegeix m\u00e9s\u00bb<\/a><\/p>\n","protected":false},"author":8,"featured_media":2004,"comment_status":"open","ping_status":"open","sticky":false,"template":"","format":"standard","meta":{"_bbp_topic_count":0,"_bbp_reply_count":0,"_bbp_total_topic_count":0,"_bbp_total_reply_count":0,"_bbp_voice_count":0,"_bbp_anonymous_reply_count":0,"_bbp_topic_count_hidden":0,"_bbp_reply_count_hidden":0,"_bbp_forum_subforum_count":0,"footnotes":""},"categories":[14,22,1,4],"tags":[],"class_list":["post-2003","post","type-post","status-publish","format-standard","has-post-thumbnail","hentry","category-5e","category-escola-verda","category-general","category-portada"],"post_mailing_queue_ids":[],"_links":{"self":[{"href":"https:\/\/agora.xtec.cat\/ceip-lasardana\/wp-json\/wp\/v2\/posts\/2003","targetHints":{"allow":["GET"]}}],"collection":[{"href":"https:\/\/agora.xtec.cat\/ceip-lasardana\/wp-json\/wp\/v2\/posts"}],"about":[{"href":"https:\/\/agora.xtec.cat\/ceip-lasardana\/wp-json\/wp\/v2\/types\/post"}],"author":[{"embeddable":true,"href":"https:\/\/agora.xtec.cat\/ceip-lasardana\/wp-json\/wp\/v2\/users\/8"}],"replies":[{"embeddable":true,"href":"https:\/\/agora.xtec.cat\/ceip-lasardana\/wp-json\/wp\/v2\/comments?post=2003"}],"version-history":[{"count":3,"href":"https:\/\/agora.xtec.cat\/ceip-lasardana\/wp-json\/wp\/v2\/posts\/2003\/revisions"}],"predecessor-version":[{"id":2007,"href":"https:\/\/agora.xtec.cat\/ceip-lasardana\/wp-json\/wp\/v2\/posts\/2003\/revisions\/2007"}],"wp:featuredmedia":[{"embeddable":true,"href":"https:\/\/agora.xtec.cat\/ceip-lasardana\/wp-json\/wp\/v2\/media\/2004"}],"wp:attachment":[{"href":"https:\/\/agora.xtec.cat\/ceip-lasardana\/wp-json\/wp\/v2\/media?parent=2003"}],"wp:term":[{"taxonomy":"category","embeddable":true,"href":"https:\/\/agora.xtec.cat\/ceip-lasardana\/wp-json\/wp\/v2\/categories?post=2003"},{"taxonomy":"post_tag","embeddable":true,"href":"https:\/\/agora.xtec.cat\/ceip-lasardana\/wp-json\/wp\/v2\/tags?post=2003"}],"curies":[{"name":"wp","href":"https:\/\/api.w.org\/{rel}","templated":true}]}}