{"id":1922,"date":"2016-11-23T14:02:37","date_gmt":"2016-11-23T13:02:37","guid":{"rendered":"http:\/\/agora.xtec.cat\/ceip-lasardana\/?p=1922"},"modified":"2016-11-23T14:03:24","modified_gmt":"2016-11-23T13:03:24","slug":"els-nostres-habits-sostenibles","status":"publish","type":"post","link":"https:\/\/agora.xtec.cat\/ceip-lasardana\/general\/els-nostres-habits-sostenibles\/","title":{"rendered":"Els nostres h\u00e0bits sostenibles"},"content":{"rendered":"<p>Des del grup impulsor d&#8217;Escola Verda, aprofitant que aquesta setmana coincideix amb la <em><strong>Setmana de la prevenci\u00f3 dels residus<\/strong>, <\/em>us mostrem un dels estudis realitzats al nostre centre.<\/p>\n<p>Durant aquest primer trimestre, i com \u00e9s habitual a l&#8217;escola, hem incidit en accions de sensibilitzaci\u00f3 sobre la prevenci\u00f3 de residus. Hem realitzat un seguiment i an\u00e0lisi a les aules de 2n a 6\u00e8 pel que fa a l&#8217;\u00fas de carmanyoles, reducci\u00f3 del consum de paper de plata i el consum de fruita.<\/p>\n<p>A continuaci\u00f3 us mostrem les gr\u00e0fiques corresponents a cada classe i els resultats obtinguts. L&#8217;objectiu de donar a con\u00e8ixer aquestes dades, aix\u00ed com de integrar-les a les activitats curriculars, \u00e9s fomentar una actitud cr\u00edtica vers els <strong>nostres h\u00e0bits sostenibles, aix\u00ed com el nostre comprom\u00eds social.\u00a0<\/strong><\/p>\n<p>Aules de 2n:<\/p>\n<p><a href=\"http:\/\/agora.xtec.cat\/ceip-lasardana\/wp-content\/uploads\/usu659\/2016\/11\/2nbona.png\"><img loading=\"lazy\" decoding=\"async\" class=\"wp-image-1924 aligncenter\" src=\"http:\/\/agora.xtec.cat\/ceip-lasardana\/wp-content\/uploads\/usu659\/2016\/11\/2nbona.png\" alt=\"2nbona\" width=\"440\" height=\"388\" srcset=\"https:\/\/agora.xtec.cat\/ceip-lasardana\/wp-content\/uploads\/usu659\/2016\/11\/2nbona.png 520w, https:\/\/agora.xtec.cat\/ceip-lasardana\/wp-content\/uploads\/usu659\/2016\/11\/2nbona-300x265.png 300w\" sizes=\"auto, (max-width: 440px) 100vw, 440px\" \/><\/a><br \/>\nAules de 3r:<\/p>\n<p><a href=\"http:\/\/agora.xtec.cat\/ceip-lasardana\/wp-content\/uploads\/usu659\/2016\/11\/3r.png\"><img loading=\"lazy\" decoding=\"async\" class=\" wp-image-1929 aligncenter\" src=\"http:\/\/agora.xtec.cat\/ceip-lasardana\/wp-content\/uploads\/usu659\/2016\/11\/3r.png\" alt=\"3r\" width=\"441\" height=\"387\" srcset=\"https:\/\/agora.xtec.cat\/ceip-lasardana\/wp-content\/uploads\/usu659\/2016\/11\/3r.png 535w, https:\/\/agora.xtec.cat\/ceip-lasardana\/wp-content\/uploads\/usu659\/2016\/11\/3r-300x264.png 300w\" sizes=\"auto, (max-width: 441px) 100vw, 441px\" \/><\/a><\/p>\n<p>Aules de 4t:<\/p>\n<p style=\"text-align: center\"><a href=\"http:\/\/agora.xtec.cat\/ceip-lasardana\/wp-content\/uploads\/usu659\/2016\/11\/3rbona.png\"><img loading=\"lazy\" decoding=\"async\" class=\"alignnone wp-image-1925\" src=\"http:\/\/agora.xtec.cat\/ceip-lasardana\/wp-content\/uploads\/usu659\/2016\/11\/3rbona.png\" alt=\"3rbona\" width=\"442\" height=\"391\" srcset=\"https:\/\/agora.xtec.cat\/ceip-lasardana\/wp-content\/uploads\/usu659\/2016\/11\/3rbona.png 532w, https:\/\/agora.xtec.cat\/ceip-lasardana\/wp-content\/uploads\/usu659\/2016\/11\/3rbona-300x266.png 300w\" sizes=\"auto, (max-width: 442px) 100vw, 442px\" \/><\/a><\/p>\n<p style=\"text-align: left\">Aules de 5\u00e8:<\/p>\n<p style=\"text-align: left\"><a href=\"http:\/\/agora.xtec.cat\/ceip-lasardana\/wp-content\/uploads\/usu659\/2016\/11\/5\u00e8.png\"><img loading=\"lazy\" decoding=\"async\" class=\" wp-image-1926 aligncenter\" src=\"http:\/\/agora.xtec.cat\/ceip-lasardana\/wp-content\/uploads\/usu659\/2016\/11\/5\u00e8.png\" alt=\"5e\" width=\"450\" height=\"397\" srcset=\"https:\/\/agora.xtec.cat\/ceip-lasardana\/wp-content\/uploads\/usu659\/2016\/11\/5\u00e8.png 527w, https:\/\/agora.xtec.cat\/ceip-lasardana\/wp-content\/uploads\/usu659\/2016\/11\/5\u00e8-300x265.png 300w\" sizes=\"auto, (max-width: 450px) 100vw, 450px\" \/><\/a><\/p>\n<p style=\"text-align: left\">Aules 6\u00e8:<\/p>\n<p style=\"text-align: left\"><a href=\"http:\/\/agora.xtec.cat\/ceip-lasardana\/wp-content\/uploads\/usu659\/2016\/11\/6\u00e8.png\"><img loading=\"lazy\" decoding=\"async\" class=\"wp-image-1927 aligncenter\" src=\"http:\/\/agora.xtec.cat\/ceip-lasardana\/wp-content\/uploads\/usu659\/2016\/11\/6\u00e8.png\" alt=\"6e\" width=\"440\" height=\"385\" srcset=\"https:\/\/agora.xtec.cat\/ceip-lasardana\/wp-content\/uploads\/usu659\/2016\/11\/6\u00e8.png 514w, https:\/\/agora.xtec.cat\/ceip-lasardana\/wp-content\/uploads\/usu659\/2016\/11\/6\u00e8-300x263.png 300w\" sizes=\"auto, (max-width: 440px) 100vw, 440px\" \/><\/a><\/p>\n<p style=\"text-align: right\">El grup impulsor d&#8217;Escola Verda<\/p>\n","protected":false},"excerpt":{"rendered":"<p>Des del grup impulsor d&#8217;Escola Verda, aprofitant que aquesta setmana coincideix amb la Setmana de la prevenci\u00f3 dels residus, us mostrem un dels estudis realitzats al nostre centre.<br \/>\nDurant aquest primer trimestre, i com \u00e9s habitual a l&#8217;escola, hem incidit en accions de sensibilitzaci\u00f3 sobre la&hellip;  <a href=\"https:\/\/agora.xtec.cat\/ceip-lasardana\/general\/els-nostres-habits-sostenibles\/\" title=\"Read Els nostres h\u00e0bits sostenibles\">Llegeix m\u00e9s\u00bb<\/a><\/p>\n","protected":false},"author":27,"featured_media":0,"comment_status":"open","ping_status":"open","sticky":false,"template":"","format":"standard","meta":{"_bbp_topic_count":0,"_bbp_reply_count":0,"_bbp_total_topic_count":0,"_bbp_total_reply_count":0,"_bbp_voice_count":0,"_bbp_anonymous_reply_count":0,"_bbp_topic_count_hidden":0,"_bbp_reply_count_hidden":0,"_bbp_forum_subforum_count":0,"footnotes":""},"categories":[22,1,4],"tags":[],"class_list":["post-1922","post","type-post","status-publish","format-standard","hentry","category-escola-verda","category-general","category-portada"],"post_mailing_queue_ids":[],"_links":{"self":[{"href":"https:\/\/agora.xtec.cat\/ceip-lasardana\/wp-json\/wp\/v2\/posts\/1922","targetHints":{"allow":["GET"]}}],"collection":[{"href":"https:\/\/agora.xtec.cat\/ceip-lasardana\/wp-json\/wp\/v2\/posts"}],"about":[{"href":"https:\/\/agora.xtec.cat\/ceip-lasardana\/wp-json\/wp\/v2\/types\/post"}],"author":[{"embeddable":true,"href":"https:\/\/agora.xtec.cat\/ceip-lasardana\/wp-json\/wp\/v2\/users\/27"}],"replies":[{"embeddable":true,"href":"https:\/\/agora.xtec.cat\/ceip-lasardana\/wp-json\/wp\/v2\/comments?post=1922"}],"version-history":[{"count":3,"href":"https:\/\/agora.xtec.cat\/ceip-lasardana\/wp-json\/wp\/v2\/posts\/1922\/revisions"}],"predecessor-version":[{"id":1932,"href":"https:\/\/agora.xtec.cat\/ceip-lasardana\/wp-json\/wp\/v2\/posts\/1922\/revisions\/1932"}],"wp:attachment":[{"href":"https:\/\/agora.xtec.cat\/ceip-lasardana\/wp-json\/wp\/v2\/media?parent=1922"}],"wp:term":[{"taxonomy":"category","embeddable":true,"href":"https:\/\/agora.xtec.cat\/ceip-lasardana\/wp-json\/wp\/v2\/categories?post=1922"},{"taxonomy":"post_tag","embeddable":true,"href":"https:\/\/agora.xtec.cat\/ceip-lasardana\/wp-json\/wp\/v2\/tags?post=1922"}],"curies":[{"name":"wp","href":"https:\/\/api.w.org\/{rel}","templated":true}]}}