{"id":1856,"date":"2016-11-20T17:34:36","date_gmt":"2016-11-20T16:34:36","guid":{"rendered":"http:\/\/agora.xtec.cat\/ceip-lasardana\/?p=1856"},"modified":"2016-11-20T22:13:29","modified_gmt":"2016-11-20T21:13:29","slug":"setmana-europea-de-la-prevencio-de-residus","status":"publish","type":"post","link":"https:\/\/agora.xtec.cat\/ceip-lasardana\/portada\/setmana-europea-de-la-prevencio-de-residus\/","title":{"rendered":"Setmana Europea de la Prevenci\u00f3 de Residus."},"content":{"rendered":"\r\n\t<div class=\"slideshow_container slideshow_container_style-light\" style=\"height: 400px; \" data-slideshow-id=\"1901\" data-style-name=\"style-light\" data-style-version=\"2.3.1\" >\r\n\r\n\t\t\t\t\t<div class=\"slideshow_loading_icon\"><\/div>\r\n\t\t\r\n\t\t<div class=\"slideshow_content\" style=\"display: none;\">\r\n\r\n\t\t\t<div class=\"slideshow_view\">\r\n\t\t\t\t<div class=\"slideshow_slide slideshow_slide_image\">\r\n\t\t\t\t\t\t\t\t\t\t\t<img src=\"https:\/\/agora.xtec.cat\/ceip-lasardana\/wp-content\/uploads\/usu659\/2016\/11\/tubs-de-water.jpg\" alt=\"tubs-de-water\" width=\"768\" height=\"432\" \/>\r\n\t\t\t\t\t\t\t\t\t\t<div class=\"slideshow_description_box slideshow_transparent\">\r\n\t\t\t\t\t\t<div class=\"slideshow_title\">tubs-de-water<\/div>\t\t\t\t\t\t\t\t\t\t\t<\/div>\r\n\t\t\t\t<\/div>\r\n\r\n\t\t\t\t\t\t<div style=\"clear: both;\"><\/div><\/div><div class=\"slideshow_view\">\r\n\t\t\t\t<div class=\"slideshow_slide slideshow_slide_image\">\r\n\t\t\t\t\t\t\t\t\t\t\t<img src=\"https:\/\/agora.xtec.cat\/ceip-lasardana\/wp-content\/uploads\/usu659\/2016\/11\/rodes-2.jpg\" alt=\"rodes-2\" width=\"768\" height=\"432\" \/>\r\n\t\t\t\t\t\t\t\t\t\t<div class=\"slideshow_description_box slideshow_transparent\">\r\n\t\t\t\t\t\t<div class=\"slideshow_title\">rodes-2<\/div>\t\t\t\t\t\t\t\t\t\t\t<\/div>\r\n\t\t\t\t<\/div>\r\n\r\n\t\t\t\t\t\t<div style=\"clear: both;\"><\/div><\/div><div class=\"slideshow_view\">\r\n\t\t\t\t<div class=\"slideshow_slide slideshow_slide_image\">\r\n\t\t\t\t\t\t\t\t\t\t\t<img src=\"https:\/\/agora.xtec.cat\/ceip-lasardana\/wp-content\/uploads\/usu659\/2016\/11\/recicla.jpg\" alt=\"recicla\" width=\"768\" height=\"432\" \/>\r\n\t\t\t\t\t\t\t\t\t\t<div class=\"slideshow_description_box slideshow_transparent\">\r\n\t\t\t\t\t\t<div class=\"slideshow_title\">recicla<\/div>\t\t\t\t\t\t\t\t\t\t\t<\/div>\r\n\t\t\t\t<\/div>\r\n\r\n\t\t\t\t\t\t<div style=\"clear: both;\"><\/div><\/div><div class=\"slideshow_view\">\r\n\t\t\t\t<div class=\"slideshow_slide slideshow_slide_image\">\r\n\t\t\t\t\t\t\t\t\t\t\t<img src=\"https:\/\/agora.xtec.cat\/ceip-lasardana\/wp-content\/uploads\/usu659\/2016\/11\/llaunes.jpg\" alt=\"llaunes\" width=\"768\" height=\"432\" \/>\r\n\t\t\t\t\t\t\t\t\t\t<div class=\"slideshow_description_box slideshow_transparent\">\r\n\t\t\t\t\t\t<div class=\"slideshow_title\">llaunes<\/div>\t\t\t\t\t\t\t\t\t\t\t<\/div>\r\n\t\t\t\t<\/div>\r\n\r\n\t\t\t\t\t\t<div style=\"clear: both;\"><\/div><\/div><div class=\"slideshow_view\">\r\n\t\t\t\t<div class=\"slideshow_slide slideshow_slide_image\">\r\n\t\t\t\t\t\t\t\t\t\t\t<img src=\"https:\/\/agora.xtec.cat\/ceip-lasardana\/wp-content\/uploads\/usu659\/2016\/11\/envasos-1.jpg\" alt=\"envasos\" width=\"768\" height=\"432\" \/>\r\n\t\t\t\t\t\t\t\t\t\t<div class=\"slideshow_description_box slideshow_transparent\">\r\n\t\t\t\t\t\t<div class=\"slideshow_title\">envasos<\/div>\t\t\t\t\t\t\t\t\t\t\t<\/div>\r\n\t\t\t\t<\/div>\r\n\r\n\t\t\t\t\t\t<div style=\"clear: both;\"><\/div><\/div><div class=\"slideshow_view\">\r\n\t\t\t\t<div class=\"slideshow_slide slideshow_slide_image\">\r\n\t\t\t\t\t\t\t\t\t\t\t<img src=\"https:\/\/agora.xtec.cat\/ceip-lasardana\/wp-content\/uploads\/usu659\/2016\/11\/actimel-1.jpg\" alt=\"actimel\" width=\"768\" height=\"432\" \/>\r\n\t\t\t\t\t\t\t\t\t\t<div class=\"slideshow_description_box slideshow_transparent\">\r\n\t\t\t\t\t\t<div class=\"slideshow_title\">actimel<\/div>\t\t\t\t\t\t\t\t\t\t\t<\/div>\r\n\t\t\t\t<\/div>\r\n\r\n\t\t\t\t\t\t<div style=\"clear: both;\"><\/div><\/div>\r\n\t\t<\/div>\r\n\r\n\t\t<div class=\"slideshow_controlPanel slideshow_transparent\" style=\"display: none;\"><ul><li class=\"slideshow_togglePlay\" data-play-text=\"Visualitza\" data-pause-text=\"Pausa\"><\/li><\/ul><\/div>\r\n\r\n\t\t<div class=\"slideshow_button slideshow_previous slideshow_transparent\" role=\"button\" data-previous-text=\"Anterior\" style=\"display: none;\"><\/div>\r\n\t\t<div class=\"slideshow_button slideshow_next slideshow_transparent\" role=\"button\" data-next-text=\"Seg\u00fcent\" style=\"display: none;\"><\/div>\r\n\r\n\t\t<div class=\"slideshow_pagination\" style=\"display: none;\" data-go-to-text=\"V\u00e9s a la diapositiva\"><div class=\"slideshow_pagination_center\"><\/div><\/div>\r\n\r\n\t\t<!-- WordPress Slideshow Version 2.3.1 -->\r\n\r\n\t\t\t<\/div>\r\n\r\n\n<p>Del 19 al 27 de novembre, es celebra la <strong>Setmana Europea de la Prevenci\u00f3 de Residus<\/strong> , una iniciativa que promou la implantaci\u00f3 d\u2019accions de sensibilitzaci\u00f3 per a la prevenci\u00f3 dels residus i la gesti\u00f3 sostenible dels recursos. Les accions \u00e9s regeixen per les anomenades <em>\u201c3 R\u201d: reduir els residus, reutilitzar els productes i reciclar els materials.<\/em><\/p>\n<p>L&#8217;Escola La Sardana amb el seu projecte &#8220;hortimecres&#8221; preten cada dimecres en horari d&#8217;esbarjo promoure aquestes accions. Sovint es fabriquen petites joguines amb materials reciclats que els alumnes es poden emportar o gaudim de jocs que ens preparen els mestres que duen a terme el projecte sempre amb un caire mediambiental.<\/p>\n<p>El proper dimecres 21 de novembre tindrem l&#8217;oportunitat de fer uns jocs de cartes que ens faran pensar en com Reciclar!<\/p>\n<p>D&#8217;altra banda, en aquest context\u00a0 l\u2019Ajuntament de Badia del Vall\u00e8s, a trav\u00e9s del seu Servei de Medi Ambient, ha organitzat una s\u00e8rie de tallers gratu\u00efts per pares i mares que es realitzaran a la sala d\u2019actes de la Biblioteca Vicente Aleixandre els dies 21, 23 i 24 de novembre a la tarda (de 16.30 h a 19 h).<\/p>\n<p>&nbsp;<\/p>\n","protected":false},"excerpt":{"rendered":"<p>\t\t\t\t\t\ttubs-de-water\t\t\t\t\t\t\t\t\t\t\t<\/p>\n<p>\t\t\t\t\t\trodes-2\t\t\t\t\t\t\t\t\t\t\t<\/p>\n<p>\t\t\t\t\t\trecicla\t\t\t\t\t\t\t\t\t\t\t<\/p>\n<p>\t\t\t\t\t\tllaunes\t\t\t\t\t\t\t\t\t\t\t<\/p>\n<p>\t\t\t\t\t\tenvasos\t\t\t\t\t\t\t\t\t\t\t<\/p>\n<p>\t\t\t\t\t\tactimel\t\t\t\t\t\t\t\t\t\t\t<\/p>\n<ul>\n<li class=\"slideshow_togglePlay\" data-play-text=\"Visualitza\" data-pause-text=\"Pausa\"><\/li>\n<\/ul>\n<p>Del 19 al 27 de novembre, es celebra la Setmana Europea de la Prevenci\u00f3 de Residus , una iniciativa que promou la implantaci\u00f3 d\u2019accions de sensibilitzaci\u00f3 per a la prevenci\u00f3 dels residus i la gesti\u00f3 sostenible dels recursos. Les accions \u00e9s regeixen&hellip;  <a href=\"https:\/\/agora.xtec.cat\/ceip-lasardana\/portada\/setmana-europea-de-la-prevencio-de-residus\/\" title=\"Read Setmana Europea de la Prevenci\u00f3 de Residus.\">Llegeix m\u00e9s\u00bb<\/a><\/p>\n","protected":false},"author":8,"featured_media":0,"comment_status":"open","ping_status":"open","sticky":false,"template":"","format":"standard","meta":{"_bbp_topic_count":0,"_bbp_reply_count":0,"_bbp_total_topic_count":0,"_bbp_total_reply_count":0,"_bbp_voice_count":0,"_bbp_anonymous_reply_count":0,"_bbp_topic_count_hidden":0,"_bbp_reply_count_hidden":0,"_bbp_forum_subforum_count":0,"footnotes":""},"categories":[22,4],"tags":[],"class_list":["post-1856","post","type-post","status-publish","format-standard","hentry","category-escola-verda","category-portada"],"post_mailing_queue_ids":[],"_links":{"self":[{"href":"https:\/\/agora.xtec.cat\/ceip-lasardana\/wp-json\/wp\/v2\/posts\/1856","targetHints":{"allow":["GET"]}}],"collection":[{"href":"https:\/\/agora.xtec.cat\/ceip-lasardana\/wp-json\/wp\/v2\/posts"}],"about":[{"href":"https:\/\/agora.xtec.cat\/ceip-lasardana\/wp-json\/wp\/v2\/types\/post"}],"author":[{"embeddable":true,"href":"https:\/\/agora.xtec.cat\/ceip-lasardana\/wp-json\/wp\/v2\/users\/8"}],"replies":[{"embeddable":true,"href":"https:\/\/agora.xtec.cat\/ceip-lasardana\/wp-json\/wp\/v2\/comments?post=1856"}],"version-history":[{"count":4,"href":"https:\/\/agora.xtec.cat\/ceip-lasardana\/wp-json\/wp\/v2\/posts\/1856\/revisions"}],"predecessor-version":[{"id":1919,"href":"https:\/\/agora.xtec.cat\/ceip-lasardana\/wp-json\/wp\/v2\/posts\/1856\/revisions\/1919"}],"wp:attachment":[{"href":"https:\/\/agora.xtec.cat\/ceip-lasardana\/wp-json\/wp\/v2\/media?parent=1856"}],"wp:term":[{"taxonomy":"category","embeddable":true,"href":"https:\/\/agora.xtec.cat\/ceip-lasardana\/wp-json\/wp\/v2\/categories?post=1856"},{"taxonomy":"post_tag","embeddable":true,"href":"https:\/\/agora.xtec.cat\/ceip-lasardana\/wp-json\/wp\/v2\/tags?post=1856"}],"curies":[{"name":"wp","href":"https:\/\/api.w.org\/{rel}","templated":true}]}}