{"id":1665,"date":"2016-11-05T15:02:53","date_gmt":"2016-11-05T14:02:53","guid":{"rendered":"http:\/\/agora.xtec.cat\/ceip-lasardana\/?p=1665"},"modified":"2016-11-12T17:23:18","modified_gmt":"2016-11-12T16:23:18","slug":"la-importancia-dels-nostres-pulmons","status":"publish","type":"post","link":"https:\/\/agora.xtec.cat\/ceip-lasardana\/portada\/la-importancia-dels-nostres-pulmons\/","title":{"rendered":"La import\u00e0ncia dels nostres pulmons."},"content":{"rendered":"<p><a href=\"http:\/\/agora.xtec.cat\/ceip-lasardana\/wp-content\/uploads\/usu659\/2016\/11\/DSC_6342.jpg\"><img loading=\"lazy\" decoding=\"async\" class=\"wp-image-1666 aligncenter\" src=\"http:\/\/agora.xtec.cat\/ceip-lasardana\/wp-content\/uploads\/usu659\/2016\/11\/DSC_6342.jpg\" alt=\"dsc_6342\" width=\"283\" height=\"159\" srcset=\"https:\/\/agora.xtec.cat\/ceip-lasardana\/wp-content\/uploads\/usu659\/2016\/11\/DSC_6342.jpg 733w, https:\/\/agora.xtec.cat\/ceip-lasardana\/wp-content\/uploads\/usu659\/2016\/11\/DSC_6342-300x168.jpg 300w\" sizes=\"auto, (max-width: 283px) 100vw, 283px\" \/><\/a>Els alumnes de 5\u00e8 estem parlant del nostre aparell respiratori. Donada la import\u00e0ncia que tenen a ser uns \u00f3rgans vitals volem donar algunes recomancions a totes aquelles persones que fumen. Hem fet un concurs d&#8217;esl\u00f2gans i aquest \u00e9s un dels guanyadors.<\/p>\n<p><a href=\"http:\/\/agora.xtec.cat\/ceip-lasardana\/wp-content\/uploads\/usu659\/2016\/11\/20161112_171022.jpg\"><img loading=\"lazy\" decoding=\"async\" class=\"alignnone size-large wp-image-1827\" src=\"http:\/\/agora.xtec.cat\/ceip-lasardana\/wp-content\/uploads\/usu659\/2016\/11\/20161112_171022-1024x581.jpg\" alt=\"\" width=\"1024\" height=\"581\" srcset=\"https:\/\/agora.xtec.cat\/ceip-lasardana\/wp-content\/uploads\/usu659\/2016\/11\/20161112_171022-1024x581.jpg 1024w, https:\/\/agora.xtec.cat\/ceip-lasardana\/wp-content\/uploads\/usu659\/2016\/11\/20161112_171022-300x170.jpg 300w, https:\/\/agora.xtec.cat\/ceip-lasardana\/wp-content\/uploads\/usu659\/2016\/11\/20161112_171022-768x436.jpg 768w\" sizes=\"auto, (max-width: 1024px) 100vw, 1024px\" \/><\/a><\/p>\n","protected":false},"excerpt":{"rendered":"<p><a href=\"http:\/\/agora.xtec.cat\/ceip-lasardana\/wp-content\/uploads\/usu659\/2016\/11\/DSC_6342.jpg\"><\/a>Els alumnes de 5\u00e8 estem parlant del nostre aparell respiratori. Donada la import\u00e0ncia que tenen a ser uns \u00f3rgans vitals volem donar algunes recomancions a totes aquelles persones que fumen. Hem fet un concurs d&#8217;esl\u00f2gans i aquest \u00e9s un dels guanyadors.<br \/>\n<a href=\"http:\/\/agora.xtec.cat\/ceip-lasardana\/wp-content\/uploads\/usu659\/2016\/11\/20161112_171022.jpg\"><\/a><\/p>\n","protected":false},"author":8,"featured_media":1666,"comment_status":"open","ping_status":"open","sticky":false,"template":"","format":"standard","meta":{"_bbp_topic_count":0,"_bbp_reply_count":0,"_bbp_total_topic_count":0,"_bbp_total_reply_count":0,"_bbp_voice_count":0,"_bbp_anonymous_reply_count":0,"_bbp_topic_count_hidden":0,"_bbp_reply_count_hidden":0,"_bbp_forum_subforum_count":0,"footnotes":""},"categories":[14,98,4],"tags":[],"class_list":["post-1665","post","type-post","status-publish","format-standard","has-post-thumbnail","hentry","category-5e","category-aula-de-ciencies","category-portada"],"post_mailing_queue_ids":[],"_links":{"self":[{"href":"https:\/\/agora.xtec.cat\/ceip-lasardana\/wp-json\/wp\/v2\/posts\/1665","targetHints":{"allow":["GET"]}}],"collection":[{"href":"https:\/\/agora.xtec.cat\/ceip-lasardana\/wp-json\/wp\/v2\/posts"}],"about":[{"href":"https:\/\/agora.xtec.cat\/ceip-lasardana\/wp-json\/wp\/v2\/types\/post"}],"author":[{"embeddable":true,"href":"https:\/\/agora.xtec.cat\/ceip-lasardana\/wp-json\/wp\/v2\/users\/8"}],"replies":[{"embeddable":true,"href":"https:\/\/agora.xtec.cat\/ceip-lasardana\/wp-json\/wp\/v2\/comments?post=1665"}],"version-history":[{"count":3,"href":"https:\/\/agora.xtec.cat\/ceip-lasardana\/wp-json\/wp\/v2\/posts\/1665\/revisions"}],"predecessor-version":[{"id":1830,"href":"https:\/\/agora.xtec.cat\/ceip-lasardana\/wp-json\/wp\/v2\/posts\/1665\/revisions\/1830"}],"wp:featuredmedia":[{"embeddable":true,"href":"https:\/\/agora.xtec.cat\/ceip-lasardana\/wp-json\/wp\/v2\/media\/1666"}],"wp:attachment":[{"href":"https:\/\/agora.xtec.cat\/ceip-lasardana\/wp-json\/wp\/v2\/media?parent=1665"}],"wp:term":[{"taxonomy":"category","embeddable":true,"href":"https:\/\/agora.xtec.cat\/ceip-lasardana\/wp-json\/wp\/v2\/categories?post=1665"},{"taxonomy":"post_tag","embeddable":true,"href":"https:\/\/agora.xtec.cat\/ceip-lasardana\/wp-json\/wp\/v2\/tags?post=1665"}],"curies":[{"name":"wp","href":"https:\/\/api.w.org\/{rel}","templated":true}]}}