{"id":1467,"date":"2016-10-19T17:13:38","date_gmt":"2016-10-19T16:13:38","guid":{"rendered":"http:\/\/agora.xtec.cat\/ceip-lasardana\/?p=1467"},"modified":"2016-10-19T17:48:47","modified_gmt":"2016-10-19T16:48:47","slug":"lhortimecres-davui-un-dia-molt-especial","status":"publish","type":"post","link":"https:\/\/agora.xtec.cat\/ceip-lasardana\/portada\/lhortimecres-davui-un-dia-molt-especial\/","title":{"rendered":"L&#8217;hortimecres d&#8217;avui un dia molt especial!"},"content":{"rendered":"<p>Avui per molts de nosaltres no ha estat un hortimecres qualsevol. A m\u00e9s de poder gaudir de l&#8217;hort i de poder participar en els jocs de punteria proposats per aquest dimecres tamb\u00e9 hem tingut l&#8217;oportunitat de compartir amb el Leo una bonica experi\u00e8ncia!<\/p>\n<p>El Leo ens ha explicat com un dia llegint un llibre de la granja amb el seu avi van tenir la idea de fabricar una <strong>caixa niu.<\/strong> Aquest \u00e9s el resultat i ho ha volgut compartir amb nosaltres. Ara aquesta caixa niu la tenim a la nostra escola i ben aviat mirarem de trobar un raconet molt especial on ubicar-la.<\/p>\n<p>Esperem que als ocellets de Badia els hi agradi tant com a nosaltres!<\/p>\n<p style=\"text-align: left;\">Gr\u00e0cies Leo i no t&#8217;oblidis de felicitar tamb\u00e9 al teu avi que com tu dius&#8230; &#8220;\u00e9s un manetes&#8221;<\/p>\n","protected":false},"excerpt":{"rendered":"<p>Avui per molts de nosaltres no ha estat un hortimecres qualsevol. A m\u00e9s de poder gaudir de l&#8217;hort i de poder participar en els jocs de punteria proposats per aquest dimecres tamb\u00e9 hem tingut l&#8217;oportunitat de compartir amb el Leo una bonica experi\u00e8ncia!<br \/>\nEl Leo ens&hellip;  <a href=\"https:\/\/agora.xtec.cat\/ceip-lasardana\/portada\/lhortimecres-davui-un-dia-molt-especial\/\" title=\"Read L&#8217;hortimecres d&#8217;avui un dia molt especial!\">Llegeix m\u00e9s\u00bb<\/a><\/p>\n","protected":false},"author":8,"featured_media":1468,"comment_status":"open","ping_status":"open","sticky":false,"template":"","format":"standard","meta":{"_bbp_topic_count":0,"_bbp_reply_count":0,"_bbp_total_topic_count":0,"_bbp_total_reply_count":0,"_bbp_voice_count":0,"_bbp_anonymous_reply_count":0,"_bbp_topic_count_hidden":0,"_bbp_reply_count_hidden":0,"_bbp_forum_subforum_count":0,"footnotes":""},"categories":[22,4],"tags":[],"class_list":["post-1467","post","type-post","status-publish","format-standard","has-post-thumbnail","hentry","category-escola-verda","category-portada"],"post_mailing_queue_ids":[],"_links":{"self":[{"href":"https:\/\/agora.xtec.cat\/ceip-lasardana\/wp-json\/wp\/v2\/posts\/1467","targetHints":{"allow":["GET"]}}],"collection":[{"href":"https:\/\/agora.xtec.cat\/ceip-lasardana\/wp-json\/wp\/v2\/posts"}],"about":[{"href":"https:\/\/agora.xtec.cat\/ceip-lasardana\/wp-json\/wp\/v2\/types\/post"}],"author":[{"embeddable":true,"href":"https:\/\/agora.xtec.cat\/ceip-lasardana\/wp-json\/wp\/v2\/users\/8"}],"replies":[{"embeddable":true,"href":"https:\/\/agora.xtec.cat\/ceip-lasardana\/wp-json\/wp\/v2\/comments?post=1467"}],"version-history":[{"count":3,"href":"https:\/\/agora.xtec.cat\/ceip-lasardana\/wp-json\/wp\/v2\/posts\/1467\/revisions"}],"predecessor-version":[{"id":1475,"href":"https:\/\/agora.xtec.cat\/ceip-lasardana\/wp-json\/wp\/v2\/posts\/1467\/revisions\/1475"}],"wp:featuredmedia":[{"embeddable":true,"href":"https:\/\/agora.xtec.cat\/ceip-lasardana\/wp-json\/wp\/v2\/media\/1468"}],"wp:attachment":[{"href":"https:\/\/agora.xtec.cat\/ceip-lasardana\/wp-json\/wp\/v2\/media?parent=1467"}],"wp:term":[{"taxonomy":"category","embeddable":true,"href":"https:\/\/agora.xtec.cat\/ceip-lasardana\/wp-json\/wp\/v2\/categories?post=1467"},{"taxonomy":"post_tag","embeddable":true,"href":"https:\/\/agora.xtec.cat\/ceip-lasardana\/wp-json\/wp\/v2\/tags?post=1467"}],"curies":[{"name":"wp","href":"https:\/\/api.w.org\/{rel}","templated":true}]}}