{"id":1303,"date":"2016-10-03T09:02:12","date_gmt":"2016-10-03T08:02:12","guid":{"rendered":"http:\/\/agora.xtec.cat\/ceip-lasardana\/?p=1303"},"modified":"2016-10-03T18:52:29","modified_gmt":"2016-10-03T17:52:29","slug":"hortimecres-del-mes-doctubre","status":"publish","type":"post","link":"https:\/\/agora.xtec.cat\/ceip-lasardana\/portada\/hortimecres-del-mes-doctubre\/","title":{"rendered":"HORTiMECRES  DEL MES D\u2019OCTUBRE"},"content":{"rendered":"<p>L\u2019hortimecres\u00a0vol cercar les connexions amb la part m\u00e9s l\u00fadica i divertida, tot realitzant tallers de caire mediambiental i proporcionant a m\u00e9s a m\u00e9s alternatives de joc als nostres infants a les hores d\u2019esbarjo.<\/p>\n<p>\u00c9s un dia molt especial on els alumnes estaran convidats a participar en un taller. Una oferta oberta a tothom on hi participa qui hi vol. Tamb\u00e9 pret\u00e9n obrir les portes a la participaci\u00f3 de les fam\u00edlies que podran donar un cop de m\u00e0 participant en alguns dels tallers programats o proposant un taller a portar a terme.<\/p>\n<p><strong>Tallers del mes d&#8217;octubre<\/strong><\/p>\n<table style=\"height: 134px; border-color: #000501;\" width=\"335\">\n<tbody>\n<tr>\n<td style=\"border-color: #0a0000;\"><strong>Dimecres 5<\/strong>:<\/td>\n<td style=\"border-color: #0a0101;\">Juguem al 3 en ratlla<\/td>\n<\/tr>\n<tr>\n<td style=\"border-color: #080000;\"><strong>Dimecres 12<\/strong>:<\/td>\n<td style=\"border-color: #080000;\">FESTA<\/td>\n<\/tr>\n<tr>\n<td style=\"border-color: #080000;\"><strong>Dimecres 19<\/strong><\/td>\n<td style=\"border-color: #080000;\">Jocs de punteria<\/td>\n<\/tr>\n<tr>\n<td style=\"border-color: #000000;\"><strong>Dimecres 16<\/strong>:<\/td>\n<td style=\"border-color: #000000;\">Fabriquem l&#8217;estombaboles<\/td>\n<\/tr>\n<\/tbody>\n<\/table>\n<p>&nbsp;<\/p>\n","protected":false},"excerpt":{"rendered":"<p>L\u2019hortimecres\u00a0vol cercar les connexions amb la part m\u00e9s l\u00fadica i divertida, tot realitzant tallers de caire mediambiental i proporcionant a m\u00e9s a m\u00e9s alternatives de joc als nostres infants a les hores d\u2019esbarjo.<br \/>\n\u00c9s un dia molt especial on els alumnes estaran convidats a participar en&hellip;  <a href=\"https:\/\/agora.xtec.cat\/ceip-lasardana\/portada\/hortimecres-del-mes-doctubre\/\" title=\"Read HORTiMECRES  DEL MES D\u2019OCTUBRE\">Llegeix m\u00e9s\u00bb<\/a><\/p>\n","protected":false},"author":8,"featured_media":0,"comment_status":"open","ping_status":"open","sticky":false,"template":"","format":"standard","meta":{"_bbp_topic_count":0,"_bbp_reply_count":0,"_bbp_total_topic_count":0,"_bbp_total_reply_count":0,"_bbp_voice_count":0,"_bbp_anonymous_reply_count":0,"_bbp_topic_count_hidden":0,"_bbp_reply_count_hidden":0,"_bbp_forum_subforum_count":0,"footnotes":""},"categories":[22,4],"tags":[],"class_list":["post-1303","post","type-post","status-publish","format-standard","hentry","category-escola-verda","category-portada"],"post_mailing_queue_ids":[],"_links":{"self":[{"href":"https:\/\/agora.xtec.cat\/ceip-lasardana\/wp-json\/wp\/v2\/posts\/1303","targetHints":{"allow":["GET"]}}],"collection":[{"href":"https:\/\/agora.xtec.cat\/ceip-lasardana\/wp-json\/wp\/v2\/posts"}],"about":[{"href":"https:\/\/agora.xtec.cat\/ceip-lasardana\/wp-json\/wp\/v2\/types\/post"}],"author":[{"embeddable":true,"href":"https:\/\/agora.xtec.cat\/ceip-lasardana\/wp-json\/wp\/v2\/users\/8"}],"replies":[{"embeddable":true,"href":"https:\/\/agora.xtec.cat\/ceip-lasardana\/wp-json\/wp\/v2\/comments?post=1303"}],"version-history":[{"count":3,"href":"https:\/\/agora.xtec.cat\/ceip-lasardana\/wp-json\/wp\/v2\/posts\/1303\/revisions"}],"predecessor-version":[{"id":1307,"href":"https:\/\/agora.xtec.cat\/ceip-lasardana\/wp-json\/wp\/v2\/posts\/1303\/revisions\/1307"}],"wp:attachment":[{"href":"https:\/\/agora.xtec.cat\/ceip-lasardana\/wp-json\/wp\/v2\/media?parent=1303"}],"wp:term":[{"taxonomy":"category","embeddable":true,"href":"https:\/\/agora.xtec.cat\/ceip-lasardana\/wp-json\/wp\/v2\/categories?post=1303"},{"taxonomy":"post_tag","embeddable":true,"href":"https:\/\/agora.xtec.cat\/ceip-lasardana\/wp-json\/wp\/v2\/tags?post=1303"}],"curies":[{"name":"wp","href":"https:\/\/api.w.org\/{rel}","templated":true}]}}