{"id":12104,"date":"2023-07-21T13:00:50","date_gmt":"2023-07-21T11:00:50","guid":{"rendered":"https:\/\/agora.xtec.cat\/ceip-lasardana\/?p=12104"},"modified":"2024-12-21T15:44:13","modified_gmt":"2024-12-21T14:44:13","slug":"acomiadem-un-curs-i-una-etapa","status":"publish","type":"post","link":"https:\/\/agora.xtec.cat\/ceip-lasardana\/portada\/acomiadem-un-curs-i-una-etapa\/","title":{"rendered":"Acomiadem un curs i una etapa!"},"content":{"rendered":"<p>Acomiadem aquest curs 2022-23 desitjant-vos que passeu un molt bon estiu!<\/p>\n<p style=\"text-align: center;\"><a href=\"https:\/\/agora.xtec.cat\/ceip-lasardana\/wp-content\/uploads\/usu659\/2023\/07\/UN-LLOC-SARDANA-foto.jpg\"><img loading=\"lazy\" decoding=\"async\" class=\"alignnone size-large wp-image-12105\" src=\"https:\/\/agora.xtec.cat\/ceip-lasardana\/wp-content\/uploads\/usu659\/2023\/07\/UN-LLOC-SARDANA-foto-1024x576.jpg\" alt=\"\" width=\"1024\" height=\"576\" srcset=\"https:\/\/agora.xtec.cat\/ceip-lasardana\/wp-content\/uploads\/usu659\/2023\/07\/UN-LLOC-SARDANA-foto-1024x576.jpg 1024w, https:\/\/agora.xtec.cat\/ceip-lasardana\/wp-content\/uploads\/usu659\/2023\/07\/UN-LLOC-SARDANA-foto-300x169.jpg 300w, https:\/\/agora.xtec.cat\/ceip-lasardana\/wp-content\/uploads\/usu659\/2023\/07\/UN-LLOC-SARDANA-foto-768x432.jpg 768w, https:\/\/agora.xtec.cat\/ceip-lasardana\/wp-content\/uploads\/usu659\/2023\/07\/UN-LLOC-SARDANA-foto-1536x864.jpg 1536w, https:\/\/agora.xtec.cat\/ceip-lasardana\/wp-content\/uploads\/usu659\/2023\/07\/UN-LLOC-SARDANA-foto.jpg 1920w\" sizes=\"auto, (max-width: 1024px) 100vw, 1024px\" \/><\/a><\/p>\n<p><em>Ens retrobarem al setembre en un nou LLOC i amb energies renovades per acompanyar als vostres fills i filles en aquesta nova aventura.<\/em><\/p>\n<p>Vam iniciar el curs amb el repte d&#8217;afrontar l&#8217;acompanyament de la comunitat educativa cap a la fusi\u00f3 d&#8217;escoles.<\/p>\n<p>Tot plegat\u00a0 ens ha portat a un curs novament at\u00edpic, sobrecarregat d&#8217;hores de treball, de sentit de responsabilitat, de canvis sobtats de gui\u00f3, d\u2019il\u00b7lusi\u00f3 i d\u2019esperan\u00e7a: lluita per recursos excepcionals donada la singularitat del proc\u00e9s, assessorament pedag\u00f2gic, acompanyament emocional, activitats compartides entre infants i professorat, establiment dels nous agrupaments, planificaci\u00f3 de plantilles, seguiment d&#8217;obres, mudan\u00e7a, adequaci\u00f3 del nou centre, creaci\u00f3 de nova documentaci\u00f3 i vies de comunicaci\u00f3&#8230;<\/p>\n<p><span style=\"font-weight: 400;\">Comen\u00e7a una nova etapa per l\u2019Escola La Sardana i per tots i totes nosaltres, i \u00e9s per aquest motiu que volem\u00a0 donar-vos les GR\u00c0CIES per la vostra empenta. Quan teniem la sensaci\u00f3 que ja no podiem m\u00e9s, que voliem aturar-nos i baixar els bra\u00e7os, ens impulseu i insufleu aire fresc per continuar en la lluita i, \u00e9s llavors quan miraculosament podem continuar endavant.<\/span><\/p>\n<p><span style=\"font-weight: 400;\">Despr\u00e9s d\u2019uns mesos intensos de gestaci\u00f3 d&#8217;Escola Nova, nom\u00e9s volem dir-vos que tenim la gran sort de formar part d&#8217;un equip oficial i d\u2019altre extraoficial que s\u2019entrega per la causa en cos i \u00e0nima per\u00f2 sobretot amb molt d\u2019amor.\u00a0<\/span><\/p>\n<p>Per tot aix\u00f2 volem aprofitar per agrair al <strong>professorat, TEI i ES\u00a0<\/strong>la professionalitat i responsabilitat amb la que heu afrontat novament aquest nou repte.<\/p>\n<p><strong>Gr\u00e0cies tamb\u00e9 a <\/strong><strong>l\u2019equip de menjador<\/strong><strong>, la vetlladora, l\u2019EAP, la promotora escolar, l\u2019administrativa, el <\/strong><strong>conserge, l&#8217;equip de neteja i Som Sardana<\/strong> que tamb\u00e9 han estat part de l\u2019engranatge per cuidar i acompanyar l&#8217;assoliment d&#8217;aquesta fita.<\/p>\n<p><strong>Gr\u00e0cies a l&#8217;AFA<\/strong> pel seu suport incondicional i la seva gran dedicaci\u00f3 altruista amb i per la causa.<\/p>\n<p>Agrair com no a les\u00a0<strong>fam\u00edlies<\/strong> la vostra paci\u00e8ncia, col\u00b7laboraci\u00f3 i el respecte que heu mostrat davant\u00a0 les incerteses i neguits que est\u00e0 generant aquest canvi d&#8217;etapa.<\/p>\n<p>I per \u00faltim destacar, als nostres protagonistes,\u00a0<strong>els nens i nenes<\/strong>! Que han continuat sent un exemple per tots i totes nosaltres i estan transitant aquest canvi d&#8217;escola amb il\u00b7lusi\u00f3 i motivaci\u00f3 amb la seguretat que els hi dona sentir que no estan sols\/es, es retrobaran amb els seus companys\/es i mestres i tindran l&#8217;oportunitat de con\u00e8ixer a d&#8217;altres nens\/es i mestres amb els que de ben segur generaran nous vincles.<\/p>\n<p><span style=\"font-weight: 400;\">Donat l&#8217;alt comprom\u00eds i\u00a0 la lluita duta a terme al llarg d&#8217;aquest curs, definitivament sentim que hem trobat <\/span><a href=\"https:\/\/drive.google.com\/file\/d\/1sGZCBUHmcoDMZZV4pJYIpdFAEGmaFGjm\/view\"><span style=\"font-weight: 400;\">UN LLOC<\/span><\/a><span style=\"font-weight: 400;\">\u00a0 on anar a parar per iniciar la nostra metamorfosi! Tot i que la fam\u00edlia sembla ques\u2019ha duplicat, seguim tenint una escola ubicada en un petit municipi per\u00f2 envoltada de grans persones, sostenida per una gran xarxa que treballa colze a colze (Ajuntament, PEE, CRP, SS&#8230;) , recolzada per grans fam\u00edlies i estimada per molts infants que ens faran cr\u00e9ixer perqu\u00e8 estem conven\u00e7udes que JUNTES MULTiPLIQUEM.\u00a0<\/span><\/p>\n<p><span style=\"font-weight: 400;\">I no us oblideu\u2026<\/span><\/p>\n<p style=\"text-align: center;\"><i><span style=\"font-weight: 400;\">\u201cL\u2019ess\u00e8ncia \u00e9s all\u00f2 invariable que la constitueix i la fa \u00fanica. I<\/span><\/i><i><span style=\"font-weight: 400;\">ndependentment dels canvis es mantindr\u00e0 intacta\u201d<\/span><\/i><\/p>\n<p style=\"text-align: center;\"><span style=\"font-size: 24pt;\"><i><span style=\"font-weight: 400;\">Som\u00a0<\/span><\/i><\/span><\/p>\n<p><img loading=\"lazy\" decoding=\"async\" class=\"aligncenter\" src=\"https:\/\/agora.xtec.cat\/esc-l-oreneta\/wp-content\/uploads\/usu2395\/2024\/06\/IMG_1576_TRANS_red.png\" alt=\"Logotip entitat\" width=\"304\" height=\"215\" \/><\/p>\n<p style=\"text-align: center;\"><i><span style=\"font-weight: 400;\">Som Mu\u00f1eira&amp;Sardana&amp;Seguidillas<\/span><\/i><\/p>\n<p style=\"text-align: center;\"><i><em>U<\/em><em>na curiositat, sab\u00edeu\u00a0que l\u2019oreneta \u00e9s una esp\u00e8cie que tradicionalment es considera que porta bona sort a la casa on s\u2019estableix\u2026<\/em><\/i><\/p>\n<p style=\"text-align: center;\"><span style=\"font-size: 24pt;\"><em>Es-Trenem<\/em> EsCoLa<\/span><\/p>\n<p style=\"text-align: center;\">Ara s\u00ed, bon estiu i fins aviat! Ens retrobem a<a href=\"https:\/\/agora.xtec.cat\/esc-nova-de-badia\/\"> l&#8217;Escola L&#8217;Oreneta<\/a><\/p>\n<p style=\"text-align: right;\">Equip Directiu Escola La Sardana<\/p>\n","protected":false},"excerpt":{"rendered":"<p>Acomiadem aquest curs 2022-23 desitjant-vos que passeu un molt bon estiu!<br \/>\n<a href=\"https:\/\/agora.xtec.cat\/ceip-lasardana\/wp-content\/uploads\/usu659\/2023\/07\/UN-LLOC-SARDANA-foto.jpg\"><\/a><br \/>\nEns retrobarem al setembre en un nou LLOC i amb energies renovades per acompanyar als vostres fills i filles en aquesta nova aventura.<br \/>\nVam iniciar el curs amb el repte d&#8217;afrontar l&#8217;acompanyament de la comunitat&hellip;  <a href=\"https:\/\/agora.xtec.cat\/ceip-lasardana\/portada\/acomiadem-un-curs-i-una-etapa\/\" title=\"Read Acomiadem un curs i una etapa!\">Llegeix m\u00e9s\u00bb<\/a><\/p>\n","protected":false},"author":8,"featured_media":0,"comment_status":"open","ping_status":"closed","sticky":false,"template":"","format":"standard","meta":{"_bbp_topic_count":0,"_bbp_reply_count":0,"_bbp_total_topic_count":0,"_bbp_total_reply_count":0,"_bbp_voice_count":0,"_bbp_anonymous_reply_count":0,"_bbp_topic_count_hidden":0,"_bbp_reply_count_hidden":0,"_bbp_forum_subforum_count":0,"footnotes":""},"categories":[193,4],"tags":[],"class_list":["post-12104","post","type-post","status-publish","format-standard","hentry","category-curs-2022-2023","category-portada"],"post_mailing_queue_ids":[],"_links":{"self":[{"href":"https:\/\/agora.xtec.cat\/ceip-lasardana\/wp-json\/wp\/v2\/posts\/12104","targetHints":{"allow":["GET"]}}],"collection":[{"href":"https:\/\/agora.xtec.cat\/ceip-lasardana\/wp-json\/wp\/v2\/posts"}],"about":[{"href":"https:\/\/agora.xtec.cat\/ceip-lasardana\/wp-json\/wp\/v2\/types\/post"}],"author":[{"embeddable":true,"href":"https:\/\/agora.xtec.cat\/ceip-lasardana\/wp-json\/wp\/v2\/users\/8"}],"replies":[{"embeddable":true,"href":"https:\/\/agora.xtec.cat\/ceip-lasardana\/wp-json\/wp\/v2\/comments?post=12104"}],"version-history":[{"count":4,"href":"https:\/\/agora.xtec.cat\/ceip-lasardana\/wp-json\/wp\/v2\/posts\/12104\/revisions"}],"predecessor-version":[{"id":12134,"href":"https:\/\/agora.xtec.cat\/ceip-lasardana\/wp-json\/wp\/v2\/posts\/12104\/revisions\/12134"}],"wp:attachment":[{"href":"https:\/\/agora.xtec.cat\/ceip-lasardana\/wp-json\/wp\/v2\/media?parent=12104"}],"wp:term":[{"taxonomy":"category","embeddable":true,"href":"https:\/\/agora.xtec.cat\/ceip-lasardana\/wp-json\/wp\/v2\/categories?post=12104"},{"taxonomy":"post_tag","embeddable":true,"href":"https:\/\/agora.xtec.cat\/ceip-lasardana\/wp-json\/wp\/v2\/tags?post=12104"}],"curies":[{"name":"wp","href":"https:\/\/api.w.org\/{rel}","templated":true}]}}