{"id":11914,"date":"2023-05-07T20:05:05","date_gmt":"2023-05-07T18:05:05","guid":{"rendered":"https:\/\/agora.xtec.cat\/ceip-lasardana\/?p=11914"},"modified":"2023-05-07T20:05:05","modified_gmt":"2023-05-07T18:05:05","slug":"cicle-mitja-jornada-amb-families","status":"publish","type":"post","link":"https:\/\/agora.xtec.cat\/ceip-lasardana\/general\/cicle-mitja-jornada-amb-families\/","title":{"rendered":"Cicle mitj\u00e0 Jornada amb fam\u00edlies"},"content":{"rendered":"<p>El passat divendres dia 31 de mar\u00e7 l&#8217;alumnat de 3r i 4t vam celebrar la jornada d&#8217;escola verda realitzant tallers amb les fam\u00edlies utilitzant materials reciclats.<\/p>\n<p>Va ser un mat\u00ed molt divertit on tots i totes vam gaudir dels diferents tallers proposats.<\/p>\n<p>Aqu\u00ed teniu unes fotos de la jornada.<a href=\"https:\/\/photos.app.goo.gl\/MZQfMLeAYoBmxZQk8\" target=\"_blank\" rel=\"noopener\"><img loading=\"lazy\" decoding=\"async\" class=\"aligncenter wp-image-3096\" src=\"https:\/\/agora.xtec.cat\/ceip-lasardana\/wp-content\/uploads\/usu659\/2017\/04\/camara.png\" alt=\"\" width=\"130\" height=\"102\" srcset=\"https:\/\/agora.xtec.cat\/ceip-lasardana\/wp-content\/uploads\/usu659\/2017\/04\/camara.png 600w, https:\/\/agora.xtec.cat\/ceip-lasardana\/wp-content\/uploads\/usu659\/2017\/04\/camara-300x235.png 300w\" sizes=\"auto, (max-width: 130px) 100vw, 130px\" \/><\/a><\/p>\n","protected":false},"excerpt":{"rendered":"<p>El passat divendres dia 31 de mar\u00e7 l&#8217;alumnat de 3r i 4t vam celebrar la jornada d&#8217;escola verda realitzant tallers amb les fam\u00edlies utilitzant materials reciclats.<br \/>\nVa ser un mat\u00ed molt divertit on tots i totes vam gaudir dels diferents tallers proposats.<br \/>\nAqu\u00ed teniu unes fotos de&hellip;  <a href=\"https:\/\/agora.xtec.cat\/ceip-lasardana\/general\/cicle-mitja-jornada-amb-families\/\" title=\"Read Cicle mitj\u00e0 Jornada amb fam\u00edlies\">Llegeix m\u00e9s\u00bb<\/a><\/p>\n","protected":false},"author":14,"featured_media":0,"comment_status":"open","ping_status":"closed","sticky":false,"template":"","format":"standard","meta":{"_bbp_topic_count":0,"_bbp_reply_count":0,"_bbp_total_topic_count":0,"_bbp_total_reply_count":0,"_bbp_voice_count":0,"_bbp_anonymous_reply_count":0,"_bbp_topic_count_hidden":0,"_bbp_reply_count_hidden":0,"_bbp_forum_subforum_count":0,"footnotes":""},"categories":[193,22,1,4],"tags":[203],"class_list":["post-11914","post","type-post","status-publish","format-standard","hentry","category-curs-2022-2023","category-escola-verda","category-general","category-portada","tag-jornada-verda"],"post_mailing_queue_ids":[],"_links":{"self":[{"href":"https:\/\/agora.xtec.cat\/ceip-lasardana\/wp-json\/wp\/v2\/posts\/11914","targetHints":{"allow":["GET"]}}],"collection":[{"href":"https:\/\/agora.xtec.cat\/ceip-lasardana\/wp-json\/wp\/v2\/posts"}],"about":[{"href":"https:\/\/agora.xtec.cat\/ceip-lasardana\/wp-json\/wp\/v2\/types\/post"}],"author":[{"embeddable":true,"href":"https:\/\/agora.xtec.cat\/ceip-lasardana\/wp-json\/wp\/v2\/users\/14"}],"replies":[{"embeddable":true,"href":"https:\/\/agora.xtec.cat\/ceip-lasardana\/wp-json\/wp\/v2\/comments?post=11914"}],"version-history":[{"count":1,"href":"https:\/\/agora.xtec.cat\/ceip-lasardana\/wp-json\/wp\/v2\/posts\/11914\/revisions"}],"predecessor-version":[{"id":11915,"href":"https:\/\/agora.xtec.cat\/ceip-lasardana\/wp-json\/wp\/v2\/posts\/11914\/revisions\/11915"}],"wp:attachment":[{"href":"https:\/\/agora.xtec.cat\/ceip-lasardana\/wp-json\/wp\/v2\/media?parent=11914"}],"wp:term":[{"taxonomy":"category","embeddable":true,"href":"https:\/\/agora.xtec.cat\/ceip-lasardana\/wp-json\/wp\/v2\/categories?post=11914"},{"taxonomy":"post_tag","embeddable":true,"href":"https:\/\/agora.xtec.cat\/ceip-lasardana\/wp-json\/wp\/v2\/tags?post=11914"}],"curies":[{"name":"wp","href":"https:\/\/api.w.org\/{rel}","templated":true}]}}