{"id":11810,"date":"2023-03-14T15:30:05","date_gmt":"2023-03-14T14:30:05","guid":{"rendered":"https:\/\/agora.xtec.cat\/ceip-lasardana\/?p=11810"},"modified":"2023-03-18T10:40:36","modified_gmt":"2023-03-18T09:40:36","slug":"avui-ens-visita-miki-nunez","status":"publish","type":"post","link":"https:\/\/agora.xtec.cat\/ceip-lasardana\/general\/avui-ens-visita-miki-nunez\/","title":{"rendered":"Avui ens visita&#8230; MIKI N\u00da\u00d1EZ!!"},"content":{"rendered":"<p>Avui els nens i nenes del servei de menjador escolar, han rebut una visita&#8230; en Miki N\u00fa\u00f1ez!! Gr\u00e0cies al programa <a href=\"https:\/\/bosadaqui.cat\/\" target=\"_blank\" rel=\"noopener\">Bo, Sa i d&#8217;Aqu\u00ed<\/a>, que certifica els menjadors escolars que aposten per una alimentaci\u00f3 saludable basade en productes de proximitat, els infants han pogut gaudir d&#8217;una estona molt agradable amb el <a href=\"https:\/\/mikinunez.com\/\" target=\"_blank\" rel=\"noopener\">Miki N\u00fa\u00f1ez<\/a>, amb qui han pogut mantenir una conversa on ha respost a les preguntes que han formulat els nens i nenes.<\/p>\n<p><img loading=\"lazy\" decoding=\"async\" class=\"aligncenter size-large wp-image-11811\" src=\"https:\/\/agora.xtec.cat\/ceip-lasardana\/wp-content\/uploads\/usu659\/2023\/03\/20230314_MIKINUNEZ_SARDANA_compressed-1024x623.png\" alt=\"\" width=\"1024\" height=\"623\" srcset=\"https:\/\/agora.xtec.cat\/ceip-lasardana\/wp-content\/uploads\/usu659\/2023\/03\/20230314_MIKINUNEZ_SARDANA_compressed-1024x623.png 1024w, https:\/\/agora.xtec.cat\/ceip-lasardana\/wp-content\/uploads\/usu659\/2023\/03\/20230314_MIKINUNEZ_SARDANA_compressed-300x182.png 300w, https:\/\/agora.xtec.cat\/ceip-lasardana\/wp-content\/uploads\/usu659\/2023\/03\/20230314_MIKINUNEZ_SARDANA_compressed-768x467.png 768w, https:\/\/agora.xtec.cat\/ceip-lasardana\/wp-content\/uploads\/usu659\/2023\/03\/20230314_MIKINUNEZ_SARDANA_compressed-1536x934.png 1536w, https:\/\/agora.xtec.cat\/ceip-lasardana\/wp-content\/uploads\/usu659\/2023\/03\/20230314_MIKINUNEZ_SARDANA_compressed-2048x1246.png 2048w\" sizes=\"auto, (max-width: 1024px) 100vw, 1024px\" \/><\/p>\n<p style=\"text-align: center;\">Vols veure com vam gaudir? V\u00e9s a l&#8217;<a href=\"https:\/\/photos.app.goo.gl\/jNjpRJfqMiroRCch6\">\u00e0lbum<\/a>!<\/p>\n","protected":false},"excerpt":{"rendered":"<p>Avui els nens i nenes del servei de menjador escolar, han rebut una visita&#8230; en Miki N\u00fa\u00f1ez!! Gr\u00e0cies al programa <a href=\"https:\/\/bosadaqui.cat\/\" target=\"_blank\" rel=\"noopener\">Bo, Sa i d&#8217;Aqu\u00ed<\/a>, que certifica els menjadors escolars que aposten per una alimentaci\u00f3 saludable basade en productes de proximitat, els infants&hellip;  <a href=\"https:\/\/agora.xtec.cat\/ceip-lasardana\/general\/avui-ens-visita-miki-nunez\/\" title=\"Read Avui ens visita&#8230; MIKI N\u00da\u00d1EZ!!\">Llegeix m\u00e9s\u00bb<\/a><\/p>\n","protected":false},"author":61,"featured_media":11812,"comment_status":"open","ping_status":"closed","sticky":false,"template":"","format":"standard","meta":{"_bbp_topic_count":0,"_bbp_reply_count":0,"_bbp_total_topic_count":0,"_bbp_total_reply_count":0,"_bbp_voice_count":0,"_bbp_anonymous_reply_count":0,"_bbp_topic_count_hidden":0,"_bbp_reply_count_hidden":0,"_bbp_forum_subforum_count":0,"footnotes":""},"categories":[193,1,4],"tags":[],"class_list":["post-11810","post","type-post","status-publish","format-standard","has-post-thumbnail","hentry","category-curs-2022-2023","category-general","category-portada"],"post_mailing_queue_ids":[],"_links":{"self":[{"href":"https:\/\/agora.xtec.cat\/ceip-lasardana\/wp-json\/wp\/v2\/posts\/11810","targetHints":{"allow":["GET"]}}],"collection":[{"href":"https:\/\/agora.xtec.cat\/ceip-lasardana\/wp-json\/wp\/v2\/posts"}],"about":[{"href":"https:\/\/agora.xtec.cat\/ceip-lasardana\/wp-json\/wp\/v2\/types\/post"}],"author":[{"embeddable":true,"href":"https:\/\/agora.xtec.cat\/ceip-lasardana\/wp-json\/wp\/v2\/users\/61"}],"replies":[{"embeddable":true,"href":"https:\/\/agora.xtec.cat\/ceip-lasardana\/wp-json\/wp\/v2\/comments?post=11810"}],"version-history":[{"count":1,"href":"https:\/\/agora.xtec.cat\/ceip-lasardana\/wp-json\/wp\/v2\/posts\/11810\/revisions"}],"predecessor-version":[{"id":11813,"href":"https:\/\/agora.xtec.cat\/ceip-lasardana\/wp-json\/wp\/v2\/posts\/11810\/revisions\/11813"}],"wp:featuredmedia":[{"embeddable":true,"href":"https:\/\/agora.xtec.cat\/ceip-lasardana\/wp-json\/wp\/v2\/media\/11812"}],"wp:attachment":[{"href":"https:\/\/agora.xtec.cat\/ceip-lasardana\/wp-json\/wp\/v2\/media?parent=11810"}],"wp:term":[{"taxonomy":"category","embeddable":true,"href":"https:\/\/agora.xtec.cat\/ceip-lasardana\/wp-json\/wp\/v2\/categories?post=11810"},{"taxonomy":"post_tag","embeddable":true,"href":"https:\/\/agora.xtec.cat\/ceip-lasardana\/wp-json\/wp\/v2\/tags?post=11810"}],"curies":[{"name":"wp","href":"https:\/\/api.w.org\/{rel}","templated":true}]}}