{"id":10963,"date":"2022-05-14T11:21:40","date_gmt":"2022-05-14T09:21:40","guid":{"rendered":"https:\/\/agora.xtec.cat\/ceip-lasardana\/?p=10963"},"modified":"2022-05-15T00:25:59","modified_gmt":"2022-05-14T22:25:59","slug":"la-classe-dels-gats-1ra-pinta-al-pati","status":"publish","type":"post","link":"https:\/\/agora.xtec.cat\/ceip-lasardana\/general\/la-classe-dels-gats-1ra-pinta-al-pati\/","title":{"rendered":"La classe dels Gats 1rA pinta al pati"},"content":{"rendered":"<p><span style=\"font-family: inherit; font-size: 1em;\">Amb aquest temps primaveral-estiuenc, la classe de 1rA vam fer la pl\u00e0stica al nostre pati.<\/span><\/p>\n<p>Cada nen i nena va escollir un rac\u00f3 que l&#8217;inspir\u00e9s i all\u00e0 va poder dibuixar amb pintura all\u00f2 que sort\u00eds de la seva imaginaci\u00f3.<\/p>\n<p>Moments art\u00edstics, creatius i relaxants per deixar volar la nostra imaginaci\u00f3 a l&#8217;aire lliure.<\/p>\n<p>Aqu\u00ed podeu veure un tastet d&#8217;aquella estona i de les produccions que van sortir.<\/p>\n<p><a href=\"https:\/\/photos.app.goo.gl\/ASyRKG4jpivmzX2h6\">FOTOS<\/a><\/p>\n<p>S\u00f3n uns i unes grans ARTISTES!<\/p>\n","protected":false},"excerpt":{"rendered":"<p>Amb aquest temps primaveral-estiuenc, la classe de 1rA vam fer la pl\u00e0stica al nostre pati.<br \/>\nCada nen i nena va escollir un rac\u00f3 que l&#8217;inspir\u00e9s i all\u00e0 va poder dibuixar amb pintura all\u00f2 que sort\u00eds de la seva imaginaci\u00f3.<br \/>\nMoments art\u00edstics, creatius i relaxants per deixar volar&hellip;  <a href=\"https:\/\/agora.xtec.cat\/ceip-lasardana\/general\/la-classe-dels-gats-1ra-pinta-al-pati\/\" title=\"Read La classe dels Gats 1rA pinta al pati\">Llegeix m\u00e9s\u00bb<\/a><\/p>\n","protected":false},"author":59,"featured_media":0,"comment_status":"open","ping_status":"closed","sticky":false,"template":"","format":"standard","meta":{"_bbp_topic_count":0,"_bbp_reply_count":0,"_bbp_total_topic_count":0,"_bbp_total_reply_count":0,"_bbp_voice_count":0,"_bbp_anonymous_reply_count":0,"_bbp_topic_count_hidden":0,"_bbp_reply_count_hidden":0,"_bbp_forum_subforum_count":0,"footnotes":""},"categories":[10,182,1,4,5,64],"tags":[],"class_list":["post-10963","post","type-post","status-publish","format-standard","hentry","category-1r","category-curs-2021-2022","category-general","category-portada","category-primaria","category-visual-i-plastica"],"post_mailing_queue_ids":[],"_links":{"self":[{"href":"https:\/\/agora.xtec.cat\/ceip-lasardana\/wp-json\/wp\/v2\/posts\/10963","targetHints":{"allow":["GET"]}}],"collection":[{"href":"https:\/\/agora.xtec.cat\/ceip-lasardana\/wp-json\/wp\/v2\/posts"}],"about":[{"href":"https:\/\/agora.xtec.cat\/ceip-lasardana\/wp-json\/wp\/v2\/types\/post"}],"author":[{"embeddable":true,"href":"https:\/\/agora.xtec.cat\/ceip-lasardana\/wp-json\/wp\/v2\/users\/59"}],"replies":[{"embeddable":true,"href":"https:\/\/agora.xtec.cat\/ceip-lasardana\/wp-json\/wp\/v2\/comments?post=10963"}],"version-history":[{"count":3,"href":"https:\/\/agora.xtec.cat\/ceip-lasardana\/wp-json\/wp\/v2\/posts\/10963\/revisions"}],"predecessor-version":[{"id":10967,"href":"https:\/\/agora.xtec.cat\/ceip-lasardana\/wp-json\/wp\/v2\/posts\/10963\/revisions\/10967"}],"wp:attachment":[{"href":"https:\/\/agora.xtec.cat\/ceip-lasardana\/wp-json\/wp\/v2\/media?parent=10963"}],"wp:term":[{"taxonomy":"category","embeddable":true,"href":"https:\/\/agora.xtec.cat\/ceip-lasardana\/wp-json\/wp\/v2\/categories?post=10963"},{"taxonomy":"post_tag","embeddable":true,"href":"https:\/\/agora.xtec.cat\/ceip-lasardana\/wp-json\/wp\/v2\/tags?post=10963"}],"curies":[{"name":"wp","href":"https:\/\/api.w.org\/{rel}","templated":true}]}}