{"id":10831,"date":"2022-04-11T19:27:32","date_gmt":"2022-04-11T17:27:32","guid":{"rendered":"https:\/\/agora.xtec.cat\/ceip-lasardana\/?p=10831"},"modified":"2022-04-11T19:28:08","modified_gmt":"2022-04-11T17:28:08","slug":"premis-a-les-classes-mes-ecologiques-curs-2022","status":"publish","type":"post","link":"https:\/\/agora.xtec.cat\/ceip-lasardana\/portada\/premis-a-les-classes-mes-ecologiques-curs-2022\/","title":{"rendered":"Premis a les classes m\u00e9s ecol\u00f2giques curs 2022"},"content":{"rendered":"<p>Com ja sabeu a la nostra escola realitzem els esmorzars a l\u2019aula amb la finalitat de treballar els bons h\u00e0bits, l\u2019alimentaci\u00f3 saludable i la gesti\u00f3 dels residus. Aix\u00f2 ens ha perm\u00e8s que al llarg de tots aquests anys cada cop siguin m\u00e9s nens i nenes els que utilitzen algun tipus d\u2019embolcall m\u00e9s ecol\u00f2gic, la cantimplora o ampolla d\u2019aigua reutilitzable i tenir-ne converses prou interessants respecte al qu\u00e8 mengem i com gaudim d\u2019aquest moment.<\/p>\n<p>D\u2019altra banda, podem observar com els m\u00e9s petitons de l\u2019escola s\u00f3n un gran exemple: mengen molta fruita, no porten sucs ni actimels i porten les seves carmanyoles. En canvi, a mesura que es van fent grans tenim m\u00e9s dificultats perqu\u00e8 els nostres alumnes continu\u00efn menjant fruita. Un repte que entre tots plegats fam\u00edlia i escola\u00a0 volem millorar en el futur!<\/p>\n<p>La bona not\u00edcia \u00e9s que pr\u00e0cticament ha desaparegut de la nostra escola el paper d&#8217;alumini!<\/p>\n<p>Aprofitem per les festes SOM ESCOLA VERDA i donem un premi a la classe que ha estat m\u00e9s constant.<\/p>\n<p>En aquesta edici\u00f3 han estat considerades\u00a0<strong>les classes m\u00e9s ecol\u00f2giques de cada comunitat: P5, 3rA i 4tB.\u00a0<\/strong><\/p>\n<p><a href=\"https:\/\/agora.xtec.cat\/ceip-lasardana\/wp-content\/uploads\/usu659\/2022\/04\/4tB-1.jpg\"><img loading=\"lazy\" decoding=\"async\" class=\"alignnone size-large wp-image-10834\" src=\"https:\/\/agora.xtec.cat\/ceip-lasardana\/wp-content\/uploads\/usu659\/2022\/04\/4tB-1-1024x768.jpg\" alt=\"\" width=\"1024\" height=\"768\" srcset=\"https:\/\/agora.xtec.cat\/ceip-lasardana\/wp-content\/uploads\/usu659\/2022\/04\/4tB-1-1024x768.jpg 1024w, https:\/\/agora.xtec.cat\/ceip-lasardana\/wp-content\/uploads\/usu659\/2022\/04\/4tB-1-300x225.jpg 300w, https:\/\/agora.xtec.cat\/ceip-lasardana\/wp-content\/uploads\/usu659\/2022\/04\/4tB-1-768x576.jpg 768w, https:\/\/agora.xtec.cat\/ceip-lasardana\/wp-content\/uploads\/usu659\/2022\/04\/4tB-1-200x150.jpg 200w, https:\/\/agora.xtec.cat\/ceip-lasardana\/wp-content\/uploads\/usu659\/2022\/04\/4tB-1.jpg 1156w\" sizes=\"auto, (max-width: 1024px) 100vw, 1024px\" \/><\/a><a href=\"https:\/\/agora.xtec.cat\/ceip-lasardana\/wp-content\/uploads\/usu659\/2022\/04\/3rA.jpg\"><img loading=\"lazy\" decoding=\"async\" class=\"alignnone size-large wp-image-10835\" src=\"https:\/\/agora.xtec.cat\/ceip-lasardana\/wp-content\/uploads\/usu659\/2022\/04\/3rA-1024x768.jpg\" alt=\"\" width=\"1024\" height=\"768\" srcset=\"https:\/\/agora.xtec.cat\/ceip-lasardana\/wp-content\/uploads\/usu659\/2022\/04\/3rA-1024x768.jpg 1024w, https:\/\/agora.xtec.cat\/ceip-lasardana\/wp-content\/uploads\/usu659\/2022\/04\/3rA-300x225.jpg 300w, https:\/\/agora.xtec.cat\/ceip-lasardana\/wp-content\/uploads\/usu659\/2022\/04\/3rA-768x576.jpg 768w, https:\/\/agora.xtec.cat\/ceip-lasardana\/wp-content\/uploads\/usu659\/2022\/04\/3rA-200x150.jpg 200w, https:\/\/agora.xtec.cat\/ceip-lasardana\/wp-content\/uploads\/usu659\/2022\/04\/3rA.jpg 1156w\" sizes=\"auto, (max-width: 1024px) 100vw, 1024px\" \/><\/a><a href=\"https:\/\/agora.xtec.cat\/ceip-lasardana\/wp-content\/uploads\/usu659\/2022\/04\/P5.jpg\"><img loading=\"lazy\" decoding=\"async\" class=\"alignnone size-full wp-image-10832\" src=\"https:\/\/agora.xtec.cat\/ceip-lasardana\/wp-content\/uploads\/usu659\/2022\/04\/P5.jpg\" alt=\"\" width=\"1024\" height=\"768\" srcset=\"https:\/\/agora.xtec.cat\/ceip-lasardana\/wp-content\/uploads\/usu659\/2022\/04\/P5.jpg 1024w, https:\/\/agora.xtec.cat\/ceip-lasardana\/wp-content\/uploads\/usu659\/2022\/04\/P5-300x225.jpg 300w, https:\/\/agora.xtec.cat\/ceip-lasardana\/wp-content\/uploads\/usu659\/2022\/04\/P5-768x576.jpg 768w, https:\/\/agora.xtec.cat\/ceip-lasardana\/wp-content\/uploads\/usu659\/2022\/04\/P5-200x150.jpg 200w\" sizes=\"auto, (max-width: 1024px) 100vw, 1024px\" \/><\/a><\/p>\n","protected":false},"excerpt":{"rendered":"<p>Com ja sabeu a la nostra escola realitzem els esmorzars a l\u2019aula amb la finalitat de treballar els bons h\u00e0bits, l\u2019alimentaci\u00f3 saludable i la gesti\u00f3 dels residus. Aix\u00f2 ens ha perm\u00e8s que al llarg de tots aquests anys cada cop siguin m\u00e9s nens i nenes&hellip;  <a href=\"https:\/\/agora.xtec.cat\/ceip-lasardana\/portada\/premis-a-les-classes-mes-ecologiques-curs-2022\/\" title=\"Read Premis a les classes m\u00e9s ecol\u00f2giques curs 2022\">Llegeix m\u00e9s\u00bb<\/a><\/p>\n","protected":false},"author":8,"featured_media":0,"comment_status":"open","ping_status":"closed","sticky":false,"template":"","format":"standard","meta":{"_bbp_topic_count":0,"_bbp_reply_count":0,"_bbp_total_topic_count":0,"_bbp_total_reply_count":0,"_bbp_voice_count":0,"_bbp_anonymous_reply_count":0,"_bbp_topic_count_hidden":0,"_bbp_reply_count_hidden":0,"_bbp_forum_subforum_count":0,"footnotes":""},"categories":[182,22,4],"tags":[],"class_list":["post-10831","post","type-post","status-publish","format-standard","hentry","category-curs-2021-2022","category-escola-verda","category-portada"],"post_mailing_queue_ids":[],"_links":{"self":[{"href":"https:\/\/agora.xtec.cat\/ceip-lasardana\/wp-json\/wp\/v2\/posts\/10831","targetHints":{"allow":["GET"]}}],"collection":[{"href":"https:\/\/agora.xtec.cat\/ceip-lasardana\/wp-json\/wp\/v2\/posts"}],"about":[{"href":"https:\/\/agora.xtec.cat\/ceip-lasardana\/wp-json\/wp\/v2\/types\/post"}],"author":[{"embeddable":true,"href":"https:\/\/agora.xtec.cat\/ceip-lasardana\/wp-json\/wp\/v2\/users\/8"}],"replies":[{"embeddable":true,"href":"https:\/\/agora.xtec.cat\/ceip-lasardana\/wp-json\/wp\/v2\/comments?post=10831"}],"version-history":[{"count":2,"href":"https:\/\/agora.xtec.cat\/ceip-lasardana\/wp-json\/wp\/v2\/posts\/10831\/revisions"}],"predecessor-version":[{"id":10836,"href":"https:\/\/agora.xtec.cat\/ceip-lasardana\/wp-json\/wp\/v2\/posts\/10831\/revisions\/10836"}],"wp:attachment":[{"href":"https:\/\/agora.xtec.cat\/ceip-lasardana\/wp-json\/wp\/v2\/media?parent=10831"}],"wp:term":[{"taxonomy":"category","embeddable":true,"href":"https:\/\/agora.xtec.cat\/ceip-lasardana\/wp-json\/wp\/v2\/categories?post=10831"},{"taxonomy":"post_tag","embeddable":true,"href":"https:\/\/agora.xtec.cat\/ceip-lasardana\/wp-json\/wp\/v2\/tags?post=10831"}],"curies":[{"name":"wp","href":"https:\/\/api.w.org\/{rel}","templated":true}]}}