{"id":10723,"date":"2022-03-15T13:45:07","date_gmt":"2022-03-15T12:45:07","guid":{"rendered":"https:\/\/agora.xtec.cat\/ceip-lasardana\/?p=10723"},"modified":"2022-03-15T13:53:02","modified_gmt":"2022-03-15T12:53:02","slug":"colonies-dels-alumnes-de-3r-i-4rt","status":"publish","type":"post","link":"https:\/\/agora.xtec.cat\/ceip-lasardana\/portada\/colonies-dels-alumnes-de-3r-i-4rt\/","title":{"rendered":"Col\u00f2nies dels alumnes de 3r i 4rt"},"content":{"rendered":"<p>Aqu\u00ed teniu les fotos del primer dia. Tothom est\u00e0 gaudint\u00a0 moooolt de totes les activitats.<\/p>\n<p><a href=\"https:\/\/photos.app.goo.gl\/aNF9sER91w2rKW6CA\" target=\"_blank\" rel=\"noopener\"><img loading=\"lazy\" decoding=\"async\" class=\"alignnone wp-image-10727\" src=\"https:\/\/agora.xtec.cat\/ceip-lasardana\/wp-content\/uploads\/usu659\/2022\/03\/o.jpg\" alt=\"\" width=\"243\" height=\"162\" \/><\/a><\/p>\n","protected":false},"excerpt":{"rendered":"<p>Aqu\u00ed teniu les fotos del primer dia. Tothom est\u00e0 gaudint\u00a0 moooolt de totes les activitats.<br \/>\n<a href=\"https:\/\/photos.app.goo.gl\/aNF9sER91w2rKW6CA\" target=\"_blank\" rel=\"noopener\"><\/a><\/p>\n","protected":false},"author":14,"featured_media":0,"comment_status":"open","ping_status":"closed","sticky":false,"template":"","format":"standard","meta":{"_bbp_topic_count":0,"_bbp_reply_count":0,"_bbp_total_topic_count":0,"_bbp_total_reply_count":0,"_bbp_voice_count":0,"_bbp_anonymous_reply_count":0,"_bbp_topic_count_hidden":0,"_bbp_reply_count_hidden":0,"_bbp_forum_subforum_count":0,"footnotes":""},"categories":[47,182,4],"tags":[],"class_list":["post-10723","post","type-post","status-publish","format-standard","hentry","category-colonies","category-curs-2021-2022","category-portada"],"post_mailing_queue_ids":[],"_links":{"self":[{"href":"https:\/\/agora.xtec.cat\/ceip-lasardana\/wp-json\/wp\/v2\/posts\/10723","targetHints":{"allow":["GET"]}}],"collection":[{"href":"https:\/\/agora.xtec.cat\/ceip-lasardana\/wp-json\/wp\/v2\/posts"}],"about":[{"href":"https:\/\/agora.xtec.cat\/ceip-lasardana\/wp-json\/wp\/v2\/types\/post"}],"author":[{"embeddable":true,"href":"https:\/\/agora.xtec.cat\/ceip-lasardana\/wp-json\/wp\/v2\/users\/14"}],"replies":[{"embeddable":true,"href":"https:\/\/agora.xtec.cat\/ceip-lasardana\/wp-json\/wp\/v2\/comments?post=10723"}],"version-history":[{"count":3,"href":"https:\/\/agora.xtec.cat\/ceip-lasardana\/wp-json\/wp\/v2\/posts\/10723\/revisions"}],"predecessor-version":[{"id":10729,"href":"https:\/\/agora.xtec.cat\/ceip-lasardana\/wp-json\/wp\/v2\/posts\/10723\/revisions\/10729"}],"wp:attachment":[{"href":"https:\/\/agora.xtec.cat\/ceip-lasardana\/wp-json\/wp\/v2\/media?parent=10723"}],"wp:term":[{"taxonomy":"category","embeddable":true,"href":"https:\/\/agora.xtec.cat\/ceip-lasardana\/wp-json\/wp\/v2\/categories?post=10723"},{"taxonomy":"post_tag","embeddable":true,"href":"https:\/\/agora.xtec.cat\/ceip-lasardana\/wp-json\/wp\/v2\/tags?post=10723"}],"curies":[{"name":"wp","href":"https:\/\/api.w.org\/{rel}","templated":true}]}}