{"id":10717,"date":"2022-03-14T20:31:46","date_gmt":"2022-03-14T19:31:46","guid":{"rendered":"https:\/\/agora.xtec.cat\/ceip-lasardana\/?p=10717"},"modified":"2022-03-14T20:33:32","modified_gmt":"2022-03-14T19:33:32","slug":"participacio-en-la-lego-first-league-igualada-2022","status":"publish","type":"post","link":"https:\/\/agora.xtec.cat\/ceip-lasardana\/general\/participacio-en-la-lego-first-league-igualada-2022\/","title":{"rendered":"Participaci\u00f3 en la First Lego League Igualada 2022"},"content":{"rendered":"<p>Hola fam\u00edlies!<\/p>\n<p>Per 2n any consecutiu una representaci\u00f3 d&#8217;alumnes del Cicle Superior ha participat en la First Lego League que es va celebrar el passat dissabte 12 de mar\u00e7 a la facultat de ci\u00e8ncies de la Universitat de Lleida a Igualada.<\/p>\n<p>Un any m\u00e9s el nostre robot ha fet un paper molt digne aconseguint 215 punts en el joc del robot. Una diada molt especial on els nostres alumnes han pogut con\u00e8ixer a altres equips, han vist altres robots i altres maneres de resoldre les missions. Un any m\u00e9s fomentant el gust per la ci\u00e8ncia, aprenent col\u00b7laborant i cooperant en equip!<\/p>\n<p>Felicitem als nostres representants en la First Lego League i a tots els i les alumnes de 6\u00e8 que han participat en el projecte!<\/p>\n<p>Cliqueu el seg\u00fcent enlla\u00e7 per veure m\u00e9s imatges del torneig: <a href=\"https:\/\/photos.app.goo.gl\/6PYHf4Wsx8TuATiTA\" target=\"_blank\" rel=\"noopener\">IMATGES FIRST LEGO LEAGUE IGUALADA 2022<\/a><\/p>\n<p><img loading=\"lazy\" decoding=\"async\" class=\"aligncenter size-large wp-image-10718\" src=\"https:\/\/agora.xtec.cat\/ceip-lasardana\/wp-content\/uploads\/usu659\/2022\/03\/IMG20220312102758-1024x768.jpg\" alt=\"\" width=\"1024\" height=\"768\" srcset=\"https:\/\/agora.xtec.cat\/ceip-lasardana\/wp-content\/uploads\/usu659\/2022\/03\/IMG20220312102758-1024x768.jpg 1024w, https:\/\/agora.xtec.cat\/ceip-lasardana\/wp-content\/uploads\/usu659\/2022\/03\/IMG20220312102758-300x225.jpg 300w, https:\/\/agora.xtec.cat\/ceip-lasardana\/wp-content\/uploads\/usu659\/2022\/03\/IMG20220312102758-768x576.jpg 768w, https:\/\/agora.xtec.cat\/ceip-lasardana\/wp-content\/uploads\/usu659\/2022\/03\/IMG20220312102758-1536x1152.jpg 1536w, https:\/\/agora.xtec.cat\/ceip-lasardana\/wp-content\/uploads\/usu659\/2022\/03\/IMG20220312102758-2048x1536.jpg 2048w, https:\/\/agora.xtec.cat\/ceip-lasardana\/wp-content\/uploads\/usu659\/2022\/03\/IMG20220312102758-200x150.jpg 200w\" sizes=\"auto, (max-width: 1024px) 100vw, 1024px\" \/><\/p>\n<p>&nbsp;<\/p>\n","protected":false},"excerpt":{"rendered":"<p>Hola fam\u00edlies!<br \/>\nPer 2n any consecutiu una representaci\u00f3 d&#8217;alumnes del Cicle Superior ha participat en la First Lego League que es va celebrar el passat dissabte 12 de mar\u00e7 a la facultat de ci\u00e8ncies de la Universitat de Lleida a Igualada.<br \/>\nUn any m\u00e9s el nostre robot&hellip;  <a href=\"https:\/\/agora.xtec.cat\/ceip-lasardana\/general\/participacio-en-la-lego-first-league-igualada-2022\/\" title=\"Read Participaci\u00f3 en la First Lego League Igualada 2022\">Llegeix m\u00e9s\u00bb<\/a><\/p>\n","protected":false},"author":21,"featured_media":10719,"comment_status":"open","ping_status":"closed","sticky":false,"template":"","format":"standard","meta":{"_bbp_topic_count":0,"_bbp_reply_count":0,"_bbp_total_topic_count":0,"_bbp_total_reply_count":0,"_bbp_voice_count":0,"_bbp_anonymous_reply_count":0,"_bbp_topic_count_hidden":0,"_bbp_reply_count_hidden":0,"_bbp_forum_subforum_count":0,"footnotes":""},"categories":[15,174,182,1,4,5,183,27],"tags":[117,113,109,192,38,16],"class_list":["post-10717","post","type-post","status-publish","format-standard","has-post-thumbnail","hentry","category-6e","category-cicle-superior","category-curs-2021-2022","category-general","category-portada","category-primaria","category-robotica","category-sortides","tag-cicle-superior","tag-general","tag-portada","tag-robotica","tag-sise","tag-sortides"],"post_mailing_queue_ids":[],"_links":{"self":[{"href":"https:\/\/agora.xtec.cat\/ceip-lasardana\/wp-json\/wp\/v2\/posts\/10717","targetHints":{"allow":["GET"]}}],"collection":[{"href":"https:\/\/agora.xtec.cat\/ceip-lasardana\/wp-json\/wp\/v2\/posts"}],"about":[{"href":"https:\/\/agora.xtec.cat\/ceip-lasardana\/wp-json\/wp\/v2\/types\/post"}],"author":[{"embeddable":true,"href":"https:\/\/agora.xtec.cat\/ceip-lasardana\/wp-json\/wp\/v2\/users\/21"}],"replies":[{"embeddable":true,"href":"https:\/\/agora.xtec.cat\/ceip-lasardana\/wp-json\/wp\/v2\/comments?post=10717"}],"version-history":[{"count":3,"href":"https:\/\/agora.xtec.cat\/ceip-lasardana\/wp-json\/wp\/v2\/posts\/10717\/revisions"}],"predecessor-version":[{"id":10722,"href":"https:\/\/agora.xtec.cat\/ceip-lasardana\/wp-json\/wp\/v2\/posts\/10717\/revisions\/10722"}],"wp:featuredmedia":[{"embeddable":true,"href":"https:\/\/agora.xtec.cat\/ceip-lasardana\/wp-json\/wp\/v2\/media\/10719"}],"wp:attachment":[{"href":"https:\/\/agora.xtec.cat\/ceip-lasardana\/wp-json\/wp\/v2\/media?parent=10717"}],"wp:term":[{"taxonomy":"category","embeddable":true,"href":"https:\/\/agora.xtec.cat\/ceip-lasardana\/wp-json\/wp\/v2\/categories?post=10717"},{"taxonomy":"post_tag","embeddable":true,"href":"https:\/\/agora.xtec.cat\/ceip-lasardana\/wp-json\/wp\/v2\/tags?post=10717"}],"curies":[{"name":"wp","href":"https:\/\/api.w.org\/{rel}","templated":true}]}}