{"id":10338,"date":"2021-12-22T21:17:59","date_gmt":"2021-12-22T20:17:59","guid":{"rendered":"https:\/\/agora.xtec.cat\/ceip-lasardana\/?p=10338"},"modified":"2021-12-22T21:17:59","modified_gmt":"2021-12-22T20:17:59","slug":"un-tastet-dhivern-ben-especial","status":"publish","type":"post","link":"https:\/\/agora.xtec.cat\/ceip-lasardana\/infantil\/un-tastet-dhivern-ben-especial\/","title":{"rendered":"Un tastet d&#8217;hivern ben especial"},"content":{"rendered":"<p style=\"text-align: center\">\n<p>Les nenes i els nens d&#8217;educaci\u00f3 infantil han viscut amb gran il\u00b7lusi\u00f3 les festes a l&#8217;escola.<\/p>\n<p>Com tots ja sabeu, aquest any desitj\u00e0vem fer una celebraci\u00f3 conjunta amb les fam\u00edlies, i novament la situaci\u00f3 no ens ho ha permet fer. Hem hagut de revisar la programaci\u00f3 prevista per adaptar-la a les circumst\u00e0ncies actuals, amb totes les mesures de seguretat requerides.<\/p>\n<p>Val a dir que aquests dies hem trobat a faltar a molts dels nostres companys i companyes a les classes. Desitgem de tot cor que es trobin b\u00e9 i poder-nos retrobar tots i totes al gener.\u00a0No vol\u00edem acomiadar el trimestre sense fer-vos arribar els nostres millors desitjos per aquestes festes.<\/p>\n<p>Com sempre, aquests petits ens han mostrat la seva capacitat de transformar qualsevol situaci\u00f3 en oportunitats, amb la seva il\u00b7lusi\u00f3 i positivisme davant d&#8217;un final tan inesperat com aquest. I \u00e9s amb aquest missatge i aquesta empenta que volem que us arribi la nostra for\u00e7a i els nostres millors desitjos per a qu\u00e8 passeu unes boniques vacances en fam\u00edlia. Ha arribat el moment de gaudir, temps de compartir, de jugar i d&#8217;estimar-se molt!<\/p>\n<p>Us deixem aquest <a href=\"https:\/\/photos.app.goo.gl\/aGCsTdpXoR1qc9xh8\">petit tastet d&#8217;hivern<\/a>, que recull moltes de les activitats que els infants han realitzat aquests darrers dies. Esperem que us agradi.<\/p>\n<p>SALUT I BONES FESTES FAM\u00cdLIES<\/p>\n<p>&nbsp;<\/p>\n","protected":false},"excerpt":{"rendered":"<p>Les nenes i els nens d&#8217;educaci\u00f3 infantil han viscut amb gran il\u00b7lusi\u00f3 les festes a l&#8217;escola.<br \/>\nCom tots ja sabeu, aquest any desitj\u00e0vem fer una celebraci\u00f3 conjunta amb les fam\u00edlies, i novament la situaci\u00f3 no ens ho ha permet fer. Hem hagut de revisar la programaci\u00f3&hellip;  <a href=\"https:\/\/agora.xtec.cat\/ceip-lasardana\/infantil\/un-tastet-dhivern-ben-especial\/\" title=\"Read Un tastet d&#8217;hivern ben especial\">Llegeix m\u00e9s\u00bb<\/a><\/p>\n","protected":false},"author":6,"featured_media":10410,"comment_status":"open","ping_status":"closed","sticky":false,"template":"","format":"standard","meta":{"_bbp_topic_count":0,"_bbp_reply_count":0,"_bbp_total_topic_count":0,"_bbp_total_reply_count":0,"_bbp_voice_count":0,"_bbp_anonymous_reply_count":0,"_bbp_topic_count_hidden":0,"_bbp_reply_count_hidden":0,"_bbp_forum_subforum_count":0,"footnotes":""},"categories":[39,2,4],"tags":[],"class_list":["post-10338","post","type-post","status-publish","format-standard","has-post-thumbnail","hentry","category-festes","category-infantil","category-portada"],"post_mailing_queue_ids":[],"_links":{"self":[{"href":"https:\/\/agora.xtec.cat\/ceip-lasardana\/wp-json\/wp\/v2\/posts\/10338","targetHints":{"allow":["GET"]}}],"collection":[{"href":"https:\/\/agora.xtec.cat\/ceip-lasardana\/wp-json\/wp\/v2\/posts"}],"about":[{"href":"https:\/\/agora.xtec.cat\/ceip-lasardana\/wp-json\/wp\/v2\/types\/post"}],"author":[{"embeddable":true,"href":"https:\/\/agora.xtec.cat\/ceip-lasardana\/wp-json\/wp\/v2\/users\/6"}],"replies":[{"embeddable":true,"href":"https:\/\/agora.xtec.cat\/ceip-lasardana\/wp-json\/wp\/v2\/comments?post=10338"}],"version-history":[{"count":3,"href":"https:\/\/agora.xtec.cat\/ceip-lasardana\/wp-json\/wp\/v2\/posts\/10338\/revisions"}],"predecessor-version":[{"id":10412,"href":"https:\/\/agora.xtec.cat\/ceip-lasardana\/wp-json\/wp\/v2\/posts\/10338\/revisions\/10412"}],"wp:featuredmedia":[{"embeddable":true,"href":"https:\/\/agora.xtec.cat\/ceip-lasardana\/wp-json\/wp\/v2\/media\/10410"}],"wp:attachment":[{"href":"https:\/\/agora.xtec.cat\/ceip-lasardana\/wp-json\/wp\/v2\/media?parent=10338"}],"wp:term":[{"taxonomy":"category","embeddable":true,"href":"https:\/\/agora.xtec.cat\/ceip-lasardana\/wp-json\/wp\/v2\/categories?post=10338"},{"taxonomy":"post_tag","embeddable":true,"href":"https:\/\/agora.xtec.cat\/ceip-lasardana\/wp-json\/wp\/v2\/tags?post=10338"}],"curies":[{"name":"wp","href":"https:\/\/api.w.org\/{rel}","templated":true}]}}