{"id":10322,"date":"2021-12-16T11:16:37","date_gmt":"2021-12-16T10:16:37","guid":{"rendered":"https:\/\/agora.xtec.cat\/ceip-lasardana\/?p=10322"},"modified":"2021-12-16T12:14:03","modified_gmt":"2021-12-16T11:14:03","slug":"3r-descobrim-un-volca-per-dins","status":"publish","type":"post","link":"https:\/\/agora.xtec.cat\/ceip-lasardana\/portada\/3r-descobrim-un-volca-per-dins\/","title":{"rendered":"3r. Descobrim un volc\u00e0 per dins"},"content":{"rendered":"<p><img loading=\"lazy\" decoding=\"async\" class=\"wp-image-10323 aligncenter\" src=\"https:\/\/agora.xtec.cat\/ceip-lasardana\/wp-content\/uploads\/usu659\/2021\/12\/garrotxa.jpg\" alt=\"\" width=\"704\" height=\"525\" srcset=\"https:\/\/agora.xtec.cat\/ceip-lasardana\/wp-content\/uploads\/usu659\/2021\/12\/garrotxa.jpg 892w, https:\/\/agora.xtec.cat\/ceip-lasardana\/wp-content\/uploads\/usu659\/2021\/12\/garrotxa-300x224.jpg 300w, https:\/\/agora.xtec.cat\/ceip-lasardana\/wp-content\/uploads\/usu659\/2021\/12\/garrotxa-768x573.jpg 768w, https:\/\/agora.xtec.cat\/ceip-lasardana\/wp-content\/uploads\/usu659\/2021\/12\/garrotxa-200x150.jpg 200w\" sizes=\"auto, (max-width: 704px) 100vw, 704px\" \/><\/p>\n<p style=\"text-align: justify\">Fa dies que busquem i esbrinem informaci\u00f3 sobre els volcans i\u00a0 \u00a0una\u00a0 de\u00a0 les nostres troballes\u00a0 va ser:<\/p>\n<p style=\"text-align: justify\">&#8211; &#8220;A Catalunya hi ha volcans i\u00a0 estan bastant a prop&#8221;-.<\/p>\n<p style=\"text-align: justify\">Per tant, el dimecres 1 de desembre va arribar el gran moment d&#8217;anar al volc\u00e0 Santa Margarita.<\/p>\n<p style=\"text-align: justify\">Ens vam posar les ulleres d&#8217;investigador@s i vam descobrir que camin\u00e0vem sobre el con volc\u00e0nic i ens va emocionar saber que est\u00e0vem dinant dins del cr\u00e0ter i\u00a0 que hi havia una ermita. Tamb\u00e9 vam recon\u00e8ixer una colada de lava i vam poder mirar i comparar pedres volc\u00e0niques.<\/p>\n<p>Si voleu veure m\u00e9s fotos, feu clic\u00a0 <a href=\"https:\/\/drive.google.com\/drive\/folders\/116ChE1C2hTb2sHjKP7DhVKizeMn_hXDv?usp=sharing\">AQU\u00cd.<\/a><\/p>\n<p>&nbsp;<\/p>\n","protected":false},"excerpt":{"rendered":"<p>Fa dies que busquem i esbrinem informaci\u00f3 sobre els volcans i\u00a0 \u00a0una\u00a0 de\u00a0 les nostres troballes\u00a0 va ser:<br \/>\n&#8211; &#8220;A Catalunya hi ha volcans i\u00a0 estan bastant a prop&#8221;-.<br \/>\nPer tant, el dimecres 1 de desembre va arribar el gran moment d&#8217;anar al volc\u00e0 Santa Margarita.<br \/>\nEns vam&hellip;  <a href=\"https:\/\/agora.xtec.cat\/ceip-lasardana\/portada\/3r-descobrim-un-volca-per-dins\/\" title=\"Read 3r. Descobrim un volc\u00e0 per dins\">Llegeix m\u00e9s\u00bb<\/a><\/p>\n","protected":false},"author":1,"featured_media":10323,"comment_status":"open","ping_status":"closed","sticky":false,"template":"","format":"standard","meta":{"_bbp_topic_count":0,"_bbp_reply_count":0,"_bbp_total_topic_count":0,"_bbp_total_reply_count":0,"_bbp_voice_count":0,"_bbp_anonymous_reply_count":0,"_bbp_topic_count_hidden":0,"_bbp_reply_count_hidden":0,"_bbp_forum_subforum_count":0,"footnotes":""},"categories":[12,4,27],"tags":[],"class_list":["post-10322","post","type-post","status-publish","format-standard","has-post-thumbnail","hentry","category-3r","category-portada","category-sortides"],"post_mailing_queue_ids":[],"_links":{"self":[{"href":"https:\/\/agora.xtec.cat\/ceip-lasardana\/wp-json\/wp\/v2\/posts\/10322","targetHints":{"allow":["GET"]}}],"collection":[{"href":"https:\/\/agora.xtec.cat\/ceip-lasardana\/wp-json\/wp\/v2\/posts"}],"about":[{"href":"https:\/\/agora.xtec.cat\/ceip-lasardana\/wp-json\/wp\/v2\/types\/post"}],"author":[{"embeddable":true,"href":"https:\/\/agora.xtec.cat\/ceip-lasardana\/wp-json\/wp\/v2\/users\/1"}],"replies":[{"embeddable":true,"href":"https:\/\/agora.xtec.cat\/ceip-lasardana\/wp-json\/wp\/v2\/comments?post=10322"}],"version-history":[{"count":3,"href":"https:\/\/agora.xtec.cat\/ceip-lasardana\/wp-json\/wp\/v2\/posts\/10322\/revisions"}],"predecessor-version":[{"id":10329,"href":"https:\/\/agora.xtec.cat\/ceip-lasardana\/wp-json\/wp\/v2\/posts\/10322\/revisions\/10329"}],"wp:featuredmedia":[{"embeddable":true,"href":"https:\/\/agora.xtec.cat\/ceip-lasardana\/wp-json\/wp\/v2\/media\/10323"}],"wp:attachment":[{"href":"https:\/\/agora.xtec.cat\/ceip-lasardana\/wp-json\/wp\/v2\/media?parent=10322"}],"wp:term":[{"taxonomy":"category","embeddable":true,"href":"https:\/\/agora.xtec.cat\/ceip-lasardana\/wp-json\/wp\/v2\/categories?post=10322"},{"taxonomy":"post_tag","embeddable":true,"href":"https:\/\/agora.xtec.cat\/ceip-lasardana\/wp-json\/wp\/v2\/tags?post=10322"}],"curies":[{"name":"wp","href":"https:\/\/api.w.org\/{rel}","templated":true}]}}