{"id":10312,"date":"2021-12-14T10:00:39","date_gmt":"2021-12-14T09:00:39","guid":{"rendered":"https:\/\/agora.xtec.cat\/ceip-lasardana\/?p=10312"},"modified":"2021-12-12T19:28:13","modified_gmt":"2021-12-12T18:28:13","slug":"cicle-mitja-solidari-amb-la-marato-de-tv3","status":"publish","type":"post","link":"https:\/\/agora.xtec.cat\/ceip-lasardana\/portada\/cicle-mitja-solidari-amb-la-marato-de-tv3\/","title":{"rendered":"Cicle Mitj\u00e0 solidari amb la Marat\u00f3 de TV3"},"content":{"rendered":"<p>Badia programa del 14 al 19 de desembre, <em><a href=\"https:\/\/www.badiadelvalles.cat\/document.php?id=9784\">diferents activitats<\/a> <\/em>dedicades a la conscienciaci\u00f3 sobre la import\u00e0ncia de la salut mental i en col\u00b7laboraci\u00f3 amb la Marat\u00f3 de TV3 d&#8217;enguany.<\/p>\n<p><a href=\"https:\/\/agora.xtec.cat\/ceip-lasardana\/wp-content\/uploads\/usu659\/2021\/12\/p.jpg\"><img loading=\"lazy\" decoding=\"async\" class=\" wp-image-10316 alignleft\" src=\"https:\/\/agora.xtec.cat\/ceip-lasardana\/wp-content\/uploads\/usu659\/2021\/12\/p.jpg\" alt=\"\" width=\"222\" height=\"296\" srcset=\"https:\/\/agora.xtec.cat\/ceip-lasardana\/wp-content\/uploads\/usu659\/2021\/12\/p.jpg 300w, https:\/\/agora.xtec.cat\/ceip-lasardana\/wp-content\/uploads\/usu659\/2021\/12\/p-225x300.jpg 225w\" sizes=\"auto, (max-width: 222px) 100vw, 222px\" \/><\/a>Els nens i nenes de cicle mitj\u00e0 hem aportat el nostre granet de sorra fent una manualitat que podreu trobar el proper diumenge 19 de desembre a la Pla\u00e7a Major en la paradeta de l&#8217;associaci\u00f3 TDAH-TEA.<\/p>\n<p>Els diners recaptats es donaran a la Marat\u00f3 de TV3 dedicat aquest any als problemes de Salut mental, que afecten a un de cada quatre persones en algun moment de la vida.<\/p>\n<p style=\"text-align: center;\"><strong><span style=\"font-size: 14pt;\"><em>Col\u00b7labora!<\/em><\/span><\/strong><\/p>\n<p style=\"text-align: right;\">Els alumnes de Cicle Mitj\u00e0<\/p>\n<p>&nbsp;<\/p>\n","protected":false},"excerpt":{"rendered":"<p>Badia programa del 14 al 19 de desembre, <a href=\"https:\/\/www.badiadelvalles.cat\/document.php?id=9784\">diferents activitats<\/a> dedicades a la conscienciaci\u00f3 sobre la import\u00e0ncia de la salut mental i en col\u00b7laboraci\u00f3 amb la Marat\u00f3 de TV3 d&#8217;enguany.<br \/>\n<a href=\"https:\/\/agora.xtec.cat\/ceip-lasardana\/wp-content\/uploads\/usu659\/2021\/12\/p.jpg\"><\/a>Els nens i nenes de cicle mitj\u00e0 hem aportat el nostre granet de sorra&hellip;  <a href=\"https:\/\/agora.xtec.cat\/ceip-lasardana\/portada\/cicle-mitja-solidari-amb-la-marato-de-tv3\/\" title=\"Read Cicle Mitj\u00e0 solidari amb la Marat\u00f3 de TV3\">Llegeix m\u00e9s\u00bb<\/a><\/p>\n","protected":false},"author":8,"featured_media":10319,"comment_status":"open","ping_status":"closed","sticky":false,"template":"","format":"standard","meta":{"_bbp_topic_count":0,"_bbp_reply_count":0,"_bbp_total_topic_count":0,"_bbp_total_reply_count":0,"_bbp_voice_count":0,"_bbp_anonymous_reply_count":0,"_bbp_topic_count_hidden":0,"_bbp_reply_count_hidden":0,"_bbp_forum_subforum_count":0,"footnotes":""},"categories":[12,13,182,4],"tags":[],"class_list":["post-10312","post","type-post","status-publish","format-standard","has-post-thumbnail","hentry","category-3r","category-4t","category-curs-2021-2022","category-portada"],"post_mailing_queue_ids":[],"_links":{"self":[{"href":"https:\/\/agora.xtec.cat\/ceip-lasardana\/wp-json\/wp\/v2\/posts\/10312","targetHints":{"allow":["GET"]}}],"collection":[{"href":"https:\/\/agora.xtec.cat\/ceip-lasardana\/wp-json\/wp\/v2\/posts"}],"about":[{"href":"https:\/\/agora.xtec.cat\/ceip-lasardana\/wp-json\/wp\/v2\/types\/post"}],"author":[{"embeddable":true,"href":"https:\/\/agora.xtec.cat\/ceip-lasardana\/wp-json\/wp\/v2\/users\/8"}],"replies":[{"embeddable":true,"href":"https:\/\/agora.xtec.cat\/ceip-lasardana\/wp-json\/wp\/v2\/comments?post=10312"}],"version-history":[{"count":3,"href":"https:\/\/agora.xtec.cat\/ceip-lasardana\/wp-json\/wp\/v2\/posts\/10312\/revisions"}],"predecessor-version":[{"id":10314,"href":"https:\/\/agora.xtec.cat\/ceip-lasardana\/wp-json\/wp\/v2\/posts\/10312\/revisions\/10314"}],"wp:featuredmedia":[{"embeddable":true,"href":"https:\/\/agora.xtec.cat\/ceip-lasardana\/wp-json\/wp\/v2\/media\/10319"}],"wp:attachment":[{"href":"https:\/\/agora.xtec.cat\/ceip-lasardana\/wp-json\/wp\/v2\/media?parent=10312"}],"wp:term":[{"taxonomy":"category","embeddable":true,"href":"https:\/\/agora.xtec.cat\/ceip-lasardana\/wp-json\/wp\/v2\/categories?post=10312"},{"taxonomy":"post_tag","embeddable":true,"href":"https:\/\/agora.xtec.cat\/ceip-lasardana\/wp-json\/wp\/v2\/tags?post=10312"}],"curies":[{"name":"wp","href":"https:\/\/api.w.org\/{rel}","templated":true}]}}