{"id":10264,"date":"2021-12-03T15:26:04","date_gmt":"2021-12-03T14:26:04","guid":{"rendered":"https:\/\/agora.xtec.cat\/ceip-lasardana\/?p=10264"},"modified":"2021-12-13T20:48:20","modified_gmt":"2021-12-13T19:48:20","slug":"gracies-families-per-la-vostra-solidaritat","status":"publish","type":"post","link":"https:\/\/agora.xtec.cat\/ceip-lasardana\/portada\/gracies-families-per-la-vostra-solidaritat\/","title":{"rendered":"Gr\u00e0cies fam\u00edlies per la vostra solidaritat!"},"content":{"rendered":"<p>Benvolgudes fam\u00edlies,<\/p>\n<p>Un any m\u00e9s col\u00b7laborem amb la recollida d&#8217;aliments per omplir el BANC d&#8217;ALIMENTS. En un any novament\u00a0 complicat i dif\u00edcil per a moltes fam\u00edlies, la comunitat educativa de l&#8217;escola La Sardana aporta el seu granet de sorra per abastir de productes b\u00e0sics als ve\u00efns i ve\u00efnes de Badia del Vall\u00e8s que m\u00e9s ho necessiten.<\/p>\n<p style=\"text-align: center;\"><a href=\"https:\/\/agora.xtec.cat\/ceip-lasardana\/wp-content\/uploads\/usu659\/2021\/12\/re.jpg\"><img loading=\"lazy\" decoding=\"async\" class=\"alignnone size-full wp-image-10284\" src=\"https:\/\/agora.xtec.cat\/ceip-lasardana\/wp-content\/uploads\/usu659\/2021\/12\/re.jpg\" alt=\"\" width=\"463\" height=\"347\" srcset=\"https:\/\/agora.xtec.cat\/ceip-lasardana\/wp-content\/uploads\/usu659\/2021\/12\/re.jpg 463w, https:\/\/agora.xtec.cat\/ceip-lasardana\/wp-content\/uploads\/usu659\/2021\/12\/re-300x225.jpg 300w, https:\/\/agora.xtec.cat\/ceip-lasardana\/wp-content\/uploads\/usu659\/2021\/12\/re-200x150.jpg 200w\" sizes=\"auto, (max-width: 463px) 100vw, 463px\" \/><\/a><\/p>\n<p style=\"text-align: center;\"><em>HO HEM TORNAT A FER!! MOLTES GR\u00c0CIES PER LA VOSTRA COL\u00b7LABORACI\u00d3 I SOLIDARITAT AMB ELS M\u00c9S VULNERABLES!!!<\/em><\/p>\n<p style=\"text-align: center;\"><a href=\"https:\/\/agora.xtec.cat\/ceip-lasardana\/wp-content\/uploads\/usu659\/2021\/12\/collita.jpg\"><img loading=\"lazy\" decoding=\"async\" class=\"alignnone size-full wp-image-10285\" src=\"https:\/\/agora.xtec.cat\/ceip-lasardana\/wp-content\/uploads\/usu659\/2021\/12\/collita.jpg\" alt=\"\" width=\"435\" height=\"345\" srcset=\"https:\/\/agora.xtec.cat\/ceip-lasardana\/wp-content\/uploads\/usu659\/2021\/12\/collita.jpg 435w, https:\/\/agora.xtec.cat\/ceip-lasardana\/wp-content\/uploads\/usu659\/2021\/12\/collita-300x238.jpg 300w\" sizes=\"auto, (max-width: 435px) 100vw, 435px\" \/><\/a><\/p>\n<p style=\"text-align: center;\">\n","protected":false},"excerpt":{"rendered":"<p>Benvolgudes fam\u00edlies,<br \/>\nUn any m\u00e9s col\u00b7laborem amb la recollida d&#8217;aliments per omplir el BANC d&#8217;ALIMENTS. En un any novament\u00a0 complicat i dif\u00edcil per a moltes fam\u00edlies, la comunitat educativa de l&#8217;escola La Sardana aporta el seu granet de sorra per abastir de productes b\u00e0sics als ve\u00efns&hellip;  <a href=\"https:\/\/agora.xtec.cat\/ceip-lasardana\/portada\/gracies-families-per-la-vostra-solidaritat\/\" title=\"Read Gr\u00e0cies fam\u00edlies per la vostra solidaritat!\">Llegeix m\u00e9s\u00bb<\/a><\/p>\n","protected":false},"author":8,"featured_media":10285,"comment_status":"open","ping_status":"closed","sticky":false,"template":"","format":"standard","meta":{"_bbp_topic_count":0,"_bbp_reply_count":0,"_bbp_total_topic_count":0,"_bbp_total_reply_count":0,"_bbp_voice_count":0,"_bbp_anonymous_reply_count":0,"_bbp_topic_count_hidden":0,"_bbp_reply_count_hidden":0,"_bbp_forum_subforum_count":0,"footnotes":""},"categories":[14,15,174,182,4],"tags":[],"class_list":["post-10264","post","type-post","status-publish","format-standard","has-post-thumbnail","hentry","category-5e","category-6e","category-cicle-superior","category-curs-2021-2022","category-portada"],"post_mailing_queue_ids":[],"_links":{"self":[{"href":"https:\/\/agora.xtec.cat\/ceip-lasardana\/wp-json\/wp\/v2\/posts\/10264","targetHints":{"allow":["GET"]}}],"collection":[{"href":"https:\/\/agora.xtec.cat\/ceip-lasardana\/wp-json\/wp\/v2\/posts"}],"about":[{"href":"https:\/\/agora.xtec.cat\/ceip-lasardana\/wp-json\/wp\/v2\/types\/post"}],"author":[{"embeddable":true,"href":"https:\/\/agora.xtec.cat\/ceip-lasardana\/wp-json\/wp\/v2\/users\/8"}],"replies":[{"embeddable":true,"href":"https:\/\/agora.xtec.cat\/ceip-lasardana\/wp-json\/wp\/v2\/comments?post=10264"}],"version-history":[{"count":3,"href":"https:\/\/agora.xtec.cat\/ceip-lasardana\/wp-json\/wp\/v2\/posts\/10264\/revisions"}],"predecessor-version":[{"id":10287,"href":"https:\/\/agora.xtec.cat\/ceip-lasardana\/wp-json\/wp\/v2\/posts\/10264\/revisions\/10287"}],"wp:featuredmedia":[{"embeddable":true,"href":"https:\/\/agora.xtec.cat\/ceip-lasardana\/wp-json\/wp\/v2\/media\/10285"}],"wp:attachment":[{"href":"https:\/\/agora.xtec.cat\/ceip-lasardana\/wp-json\/wp\/v2\/media?parent=10264"}],"wp:term":[{"taxonomy":"category","embeddable":true,"href":"https:\/\/agora.xtec.cat\/ceip-lasardana\/wp-json\/wp\/v2\/categories?post=10264"},{"taxonomy":"post_tag","embeddable":true,"href":"https:\/\/agora.xtec.cat\/ceip-lasardana\/wp-json\/wp\/v2\/tags?post=10264"}],"curies":[{"name":"wp","href":"https:\/\/api.w.org\/{rel}","templated":true}]}}