{"id":10213,"date":"2021-12-03T16:00:17","date_gmt":"2021-12-03T15:00:17","guid":{"rendered":"https:\/\/agora.xtec.cat\/ceip-lasardana\/?p=10213"},"modified":"2021-12-03T16:05:08","modified_gmt":"2021-12-03T15:05:08","slug":"els-alumnes-de-6e-recapten-diners-per-la-seva-graduacio","status":"publish","type":"post","link":"https:\/\/agora.xtec.cat\/ceip-lasardana\/general\/els-alumnes-de-6e-recapten-diners-per-la-seva-graduacio\/","title":{"rendered":"Els alumnes de 6\u00e8 recapten diners per la seva graduaci\u00f3!"},"content":{"rendered":"<p>Com ja sabeu el temps passa molt r\u00e0pid i els nostres petits i petites s&#8217;han fet grans i ja estan a 6\u00e8.<\/p>\n<p>Ben aviat hauran de realitzar la seva graduaci\u00f3 i \u00e9s per aquest motiu que us conviden a participar en el sorteig que faran aquest Nadal amb la finalitat de recaptar diners per ajudar als infants en la seva festa de graduaci\u00f3.<\/p>\n<p style=\"text-align: center;\">La participaci\u00f3<strong> val<\/strong> <strong>1\u20ac<\/strong> i els podreu adquirir el proper <strong>dijous 9 i divendres 10 a la sortida escolar de la tarda i els vendran als alumnes de 6\u00e8<\/strong><\/p>\n<p style=\"text-align: center;\"><a href=\"https:\/\/agora.xtec.cat\/ceip-lasardana\/wp-content\/uploads\/usu659\/2021\/12\/pariticpacio.png\"><img loading=\"lazy\" decoding=\"async\" class=\"alignnone size-full wp-image-10279\" src=\"https:\/\/agora.xtec.cat\/ceip-lasardana\/wp-content\/uploads\/usu659\/2021\/12\/pariticpacio.png\" alt=\"\" width=\"727\" height=\"560\" srcset=\"https:\/\/agora.xtec.cat\/ceip-lasardana\/wp-content\/uploads\/usu659\/2021\/12\/pariticpacio.png 727w, https:\/\/agora.xtec.cat\/ceip-lasardana\/wp-content\/uploads\/usu659\/2021\/12\/pariticpacio-300x231.png 300w\" sizes=\"auto, (max-width: 727px) 100vw, 727px\" \/><\/a><\/p>\n<p style=\"text-align: right;\">Les fam\u00edlies de 6\u00e8<\/p>\n","protected":false},"excerpt":{"rendered":"<p>Com ja sabeu el temps passa molt r\u00e0pid i els nostres petits i petites s&#8217;han fet grans i ja estan a 6\u00e8.<br \/>\nBen aviat hauran de realitzar la seva graduaci\u00f3 i \u00e9s per aquest motiu que us conviden a participar en el sorteig que faran aquest&hellip;  <a href=\"https:\/\/agora.xtec.cat\/ceip-lasardana\/general\/els-alumnes-de-6e-recapten-diners-per-la-seva-graduacio\/\" title=\"Read Els alumnes de 6\u00e8 recapten diners per la seva graduaci\u00f3!\">Llegeix m\u00e9s\u00bb<\/a><\/p>\n","protected":false},"author":8,"featured_media":10281,"comment_status":"open","ping_status":"closed","sticky":false,"template":"","format":"standard","meta":{"_bbp_topic_count":0,"_bbp_reply_count":0,"_bbp_total_topic_count":0,"_bbp_total_reply_count":0,"_bbp_voice_count":0,"_bbp_anonymous_reply_count":0,"_bbp_topic_count_hidden":0,"_bbp_reply_count_hidden":0,"_bbp_forum_subforum_count":0,"footnotes":""},"categories":[15,1,4],"tags":[],"class_list":["post-10213","post","type-post","status-publish","format-standard","has-post-thumbnail","hentry","category-6e","category-general","category-portada"],"post_mailing_queue_ids":[],"_links":{"self":[{"href":"https:\/\/agora.xtec.cat\/ceip-lasardana\/wp-json\/wp\/v2\/posts\/10213","targetHints":{"allow":["GET"]}}],"collection":[{"href":"https:\/\/agora.xtec.cat\/ceip-lasardana\/wp-json\/wp\/v2\/posts"}],"about":[{"href":"https:\/\/agora.xtec.cat\/ceip-lasardana\/wp-json\/wp\/v2\/types\/post"}],"author":[{"embeddable":true,"href":"https:\/\/agora.xtec.cat\/ceip-lasardana\/wp-json\/wp\/v2\/users\/8"}],"replies":[{"embeddable":true,"href":"https:\/\/agora.xtec.cat\/ceip-lasardana\/wp-json\/wp\/v2\/comments?post=10213"}],"version-history":[{"count":3,"href":"https:\/\/agora.xtec.cat\/ceip-lasardana\/wp-json\/wp\/v2\/posts\/10213\/revisions"}],"predecessor-version":[{"id":10283,"href":"https:\/\/agora.xtec.cat\/ceip-lasardana\/wp-json\/wp\/v2\/posts\/10213\/revisions\/10283"}],"wp:featuredmedia":[{"embeddable":true,"href":"https:\/\/agora.xtec.cat\/ceip-lasardana\/wp-json\/wp\/v2\/media\/10281"}],"wp:attachment":[{"href":"https:\/\/agora.xtec.cat\/ceip-lasardana\/wp-json\/wp\/v2\/media?parent=10213"}],"wp:term":[{"taxonomy":"category","embeddable":true,"href":"https:\/\/agora.xtec.cat\/ceip-lasardana\/wp-json\/wp\/v2\/categories?post=10213"},{"taxonomy":"post_tag","embeddable":true,"href":"https:\/\/agora.xtec.cat\/ceip-lasardana\/wp-json\/wp\/v2\/tags?post=10213"}],"curies":[{"name":"wp","href":"https:\/\/api.w.org\/{rel}","templated":true}]}}