{"id":10136,"date":"2021-11-19T13:19:52","date_gmt":"2021-11-19T12:19:52","guid":{"rendered":"https:\/\/agora.xtec.cat\/ceip-lasardana\/?p=10136"},"modified":"2021-11-19T13:22:26","modified_gmt":"2021-11-19T12:22:26","slug":"cicle-superior-acaba-les-activitats-sobre-els-drets-dels-infants","status":"publish","type":"post","link":"https:\/\/agora.xtec.cat\/ceip-lasardana\/general\/cicle-superior-acaba-les-activitats-sobre-els-drets-dels-infants\/","title":{"rendered":"Cicle superior acaba les activitats sobre els Drets dels Infants."},"content":{"rendered":"<p>Aquesta setmana les classes de 5\u00e8 i 6\u00e8 han acabat un seguit d&#8217;activitats organitzades pel Casal dels Infants on han pogut con\u00e8ixer els Drets dels Infants i la participaci\u00f3 al Consell dels Infants. <span style=\"font-family: inherit; font-size: 1em;\">Dem\u00e0 dissabte al mat\u00ed al parc Joan Oliver hi haur\u00e0 un seguit d&#8217;activitats per celebrar el dia Internacional dels Drets dels Infants. A m\u00e9s podreu sentir dues alumnes de 6\u00e8 llegir el manifest que han preparat!<\/span><span style=\"font-family: inherit; font-size: 1em;\">\u00a0<\/span><img loading=\"lazy\" decoding=\"async\" class=\"aligncenter wp-image-10143 size-full\" src=\"https:\/\/agora.xtec.cat\/ceip-lasardana\/wp-content\/uploads\/usu659\/2021\/11\/990da992-680c-44d4-b3ed-62962d90c375.jpg\" alt=\"\" width=\"1024\" height=\"461\" srcset=\"https:\/\/agora.xtec.cat\/ceip-lasardana\/wp-content\/uploads\/usu659\/2021\/11\/990da992-680c-44d4-b3ed-62962d90c375.jpg 1024w, https:\/\/agora.xtec.cat\/ceip-lasardana\/wp-content\/uploads\/usu659\/2021\/11\/990da992-680c-44d4-b3ed-62962d90c375-300x135.jpg 300w, https:\/\/agora.xtec.cat\/ceip-lasardana\/wp-content\/uploads\/usu659\/2021\/11\/990da992-680c-44d4-b3ed-62962d90c375-768x346.jpg 768w\" sizes=\"auto, (max-width: 1024px) 100vw, 1024px\" \/><br \/>\n<img loading=\"lazy\" decoding=\"async\" class=\"aligncenter wp-image-10142 size-full\" src=\"https:\/\/agora.xtec.cat\/ceip-lasardana\/wp-content\/uploads\/usu659\/2021\/11\/60fd6b20-86c4-4883-8deb-b9a03e64f0df.jpg\" alt=\"\" width=\"1024\" height=\"461\" srcset=\"https:\/\/agora.xtec.cat\/ceip-lasardana\/wp-content\/uploads\/usu659\/2021\/11\/60fd6b20-86c4-4883-8deb-b9a03e64f0df.jpg 1024w, https:\/\/agora.xtec.cat\/ceip-lasardana\/wp-content\/uploads\/usu659\/2021\/11\/60fd6b20-86c4-4883-8deb-b9a03e64f0df-300x135.jpg 300w, https:\/\/agora.xtec.cat\/ceip-lasardana\/wp-content\/uploads\/usu659\/2021\/11\/60fd6b20-86c4-4883-8deb-b9a03e64f0df-768x346.jpg 768w\" sizes=\"auto, (max-width: 1024px) 100vw, 1024px\" \/><br \/>\n<img loading=\"lazy\" decoding=\"async\" class=\"aligncenter wp-image-10138 size-full\" src=\"https:\/\/agora.xtec.cat\/ceip-lasardana\/wp-content\/uploads\/usu659\/2021\/11\/e6466a50-baf1-4985-b809-6e87eac2b5ee.jpg\" alt=\"\" width=\"1024\" height=\"576\" srcset=\"https:\/\/agora.xtec.cat\/ceip-lasardana\/wp-content\/uploads\/usu659\/2021\/11\/e6466a50-baf1-4985-b809-6e87eac2b5ee.jpg 1024w, https:\/\/agora.xtec.cat\/ceip-lasardana\/wp-content\/uploads\/usu659\/2021\/11\/e6466a50-baf1-4985-b809-6e87eac2b5ee-300x169.jpg 300w, https:\/\/agora.xtec.cat\/ceip-lasardana\/wp-content\/uploads\/usu659\/2021\/11\/e6466a50-baf1-4985-b809-6e87eac2b5ee-768x432.jpg 768w\" sizes=\"auto, (max-width: 1024px) 100vw, 1024px\" \/> <img loading=\"lazy\" decoding=\"async\" class=\"aligncenter wp-image-10137 size-full\" src=\"https:\/\/agora.xtec.cat\/ceip-lasardana\/wp-content\/uploads\/usu659\/2021\/11\/b83d925e-68a1-4b20-b52f-663da9a6121e.jpg\" alt=\"\" width=\"1024\" height=\"768\" srcset=\"https:\/\/agora.xtec.cat\/ceip-lasardana\/wp-content\/uploads\/usu659\/2021\/11\/b83d925e-68a1-4b20-b52f-663da9a6121e.jpg 1024w, https:\/\/agora.xtec.cat\/ceip-lasardana\/wp-content\/uploads\/usu659\/2021\/11\/b83d925e-68a1-4b20-b52f-663da9a6121e-300x225.jpg 300w, https:\/\/agora.xtec.cat\/ceip-lasardana\/wp-content\/uploads\/usu659\/2021\/11\/b83d925e-68a1-4b20-b52f-663da9a6121e-768x576.jpg 768w, https:\/\/agora.xtec.cat\/ceip-lasardana\/wp-content\/uploads\/usu659\/2021\/11\/b83d925e-68a1-4b20-b52f-663da9a6121e-200x150.jpg 200w\" sizes=\"auto, (max-width: 1024px) 100vw, 1024px\" \/> <img loading=\"lazy\" decoding=\"async\" class=\"aligncenter wp-image-10139 size-full\" src=\"https:\/\/agora.xtec.cat\/ceip-lasardana\/wp-content\/uploads\/usu659\/2021\/11\/IMG-6463.jpg\" alt=\"\" width=\"1024\" height=\"768\" srcset=\"https:\/\/agora.xtec.cat\/ceip-lasardana\/wp-content\/uploads\/usu659\/2021\/11\/IMG-6463.jpg 1024w, https:\/\/agora.xtec.cat\/ceip-lasardana\/wp-content\/uploads\/usu659\/2021\/11\/IMG-6463-300x225.jpg 300w, https:\/\/agora.xtec.cat\/ceip-lasardana\/wp-content\/uploads\/usu659\/2021\/11\/IMG-6463-768x576.jpg 768w, https:\/\/agora.xtec.cat\/ceip-lasardana\/wp-content\/uploads\/usu659\/2021\/11\/IMG-6463-200x150.jpg 200w\" sizes=\"auto, (max-width: 1024px) 100vw, 1024px\" \/> <img loading=\"lazy\" decoding=\"async\" class=\"aligncenter wp-image-10140 size-full\" src=\"https:\/\/agora.xtec.cat\/ceip-lasardana\/wp-content\/uploads\/usu659\/2021\/11\/IMG-6475-1.jpg\" alt=\"\" width=\"1024\" height=\"768\" srcset=\"https:\/\/agora.xtec.cat\/ceip-lasardana\/wp-content\/uploads\/usu659\/2021\/11\/IMG-6475-1.jpg 1024w, https:\/\/agora.xtec.cat\/ceip-lasardana\/wp-content\/uploads\/usu659\/2021\/11\/IMG-6475-1-300x225.jpg 300w, https:\/\/agora.xtec.cat\/ceip-lasardana\/wp-content\/uploads\/usu659\/2021\/11\/IMG-6475-1-768x576.jpg 768w, https:\/\/agora.xtec.cat\/ceip-lasardana\/wp-content\/uploads\/usu659\/2021\/11\/IMG-6475-1-200x150.jpg 200w\" sizes=\"auto, (max-width: 1024px) 100vw, 1024px\" \/> <img loading=\"lazy\" decoding=\"async\" class=\"aligncenter wp-image-10141 size-full\" src=\"https:\/\/agora.xtec.cat\/ceip-lasardana\/wp-content\/uploads\/usu659\/2021\/11\/IMG-6478-1.jpg\" alt=\"\" width=\"1024\" height=\"768\" srcset=\"https:\/\/agora.xtec.cat\/ceip-lasardana\/wp-content\/uploads\/usu659\/2021\/11\/IMG-6478-1.jpg 1024w, https:\/\/agora.xtec.cat\/ceip-lasardana\/wp-content\/uploads\/usu659\/2021\/11\/IMG-6478-1-300x225.jpg 300w, https:\/\/agora.xtec.cat\/ceip-lasardana\/wp-content\/uploads\/usu659\/2021\/11\/IMG-6478-1-768x576.jpg 768w, https:\/\/agora.xtec.cat\/ceip-lasardana\/wp-content\/uploads\/usu659\/2021\/11\/IMG-6478-1-200x150.jpg 200w\" sizes=\"auto, (max-width: 1024px) 100vw, 1024px\" \/><\/p>\n","protected":false},"excerpt":{"rendered":"<p>Aquesta setmana les classes de 5\u00e8 i 6\u00e8 han acabat un seguit d&#8217;activitats organitzades pel Casal dels Infants on han pogut con\u00e8ixer els Drets dels Infants i la participaci\u00f3 al Consell dels Infants. Dem\u00e0 dissabte al mat\u00ed al parc Joan Oliver hi haur\u00e0 un seguit&hellip;  <a href=\"https:\/\/agora.xtec.cat\/ceip-lasardana\/general\/cicle-superior-acaba-les-activitats-sobre-els-drets-dels-infants\/\" title=\"Read Cicle superior acaba les activitats sobre els Drets dels Infants.\">Llegeix m\u00e9s\u00bb<\/a><\/p>\n","protected":false},"author":21,"featured_media":10138,"comment_status":"open","ping_status":"closed","sticky":false,"template":"","format":"standard","meta":{"_bbp_topic_count":0,"_bbp_reply_count":0,"_bbp_total_topic_count":0,"_bbp_total_reply_count":0,"_bbp_voice_count":0,"_bbp_anonymous_reply_count":0,"_bbp_topic_count_hidden":0,"_bbp_reply_count_hidden":0,"_bbp_forum_subforum_count":0,"footnotes":""},"categories":[14,175,15,174,182,1,4,5],"tags":[123,117,38],"class_list":["post-10136","post","type-post","status-publish","format-standard","has-post-thumbnail","hentry","category-5e","category-175","category-6e","category-cicle-superior","category-curs-2021-2022","category-general","category-portada","category-primaria","tag-5e","tag-cicle-superior","tag-sise"],"post_mailing_queue_ids":[],"_links":{"self":[{"href":"https:\/\/agora.xtec.cat\/ceip-lasardana\/wp-json\/wp\/v2\/posts\/10136","targetHints":{"allow":["GET"]}}],"collection":[{"href":"https:\/\/agora.xtec.cat\/ceip-lasardana\/wp-json\/wp\/v2\/posts"}],"about":[{"href":"https:\/\/agora.xtec.cat\/ceip-lasardana\/wp-json\/wp\/v2\/types\/post"}],"author":[{"embeddable":true,"href":"https:\/\/agora.xtec.cat\/ceip-lasardana\/wp-json\/wp\/v2\/users\/21"}],"replies":[{"embeddable":true,"href":"https:\/\/agora.xtec.cat\/ceip-lasardana\/wp-json\/wp\/v2\/comments?post=10136"}],"version-history":[{"count":1,"href":"https:\/\/agora.xtec.cat\/ceip-lasardana\/wp-json\/wp\/v2\/posts\/10136\/revisions"}],"predecessor-version":[{"id":10144,"href":"https:\/\/agora.xtec.cat\/ceip-lasardana\/wp-json\/wp\/v2\/posts\/10136\/revisions\/10144"}],"wp:featuredmedia":[{"embeddable":true,"href":"https:\/\/agora.xtec.cat\/ceip-lasardana\/wp-json\/wp\/v2\/media\/10138"}],"wp:attachment":[{"href":"https:\/\/agora.xtec.cat\/ceip-lasardana\/wp-json\/wp\/v2\/media?parent=10136"}],"wp:term":[{"taxonomy":"category","embeddable":true,"href":"https:\/\/agora.xtec.cat\/ceip-lasardana\/wp-json\/wp\/v2\/categories?post=10136"},{"taxonomy":"post_tag","embeddable":true,"href":"https:\/\/agora.xtec.cat\/ceip-lasardana\/wp-json\/wp\/v2\/tags?post=10136"}],"curies":[{"name":"wp","href":"https:\/\/api.w.org\/{rel}","templated":true}]}}