{"id":7198,"date":"2022-04-28T19:14:46","date_gmt":"2022-04-28T17:14:46","guid":{"rendered":"https:\/\/agora.xtec.cat\/ceip-lamuntanya-aiguafreda\/?p=7198"},"modified":"2022-05-04T11:10:53","modified_gmt":"2022-05-04T09:10:53","slug":"nous-racons-dinnovamat-a-p5-2","status":"publish","type":"post","link":"https:\/\/agora.xtec.cat\/ceip-lamuntanya-aiguafreda\/general\/nous-racons-dinnovamat-a-p5-2\/","title":{"rendered":"Nous racons d&#8217;Innovamat a P5"},"content":{"rendered":"<p>Aquests dies ens ho estem passant molt b\u00e9 amb el rac\u00f3 de les simetries.La tasca consisteix a completar la figura perqu\u00e8 sigui sim\u00e8trica.El millor \u00e9s comprovar-ho amb el mirall!<\/p>\n<p>Tamb\u00e9 estem fent el rac\u00f3 de patrons cARTabon i ens agrada molt\u00edssim! En aquest rac\u00f3 hem de continuar a partir d&#8217;unes plantilles el patr\u00f3 per aix\u00ed crear mosaics.<\/p>\n<p>Continuem fent el treball amb les tablets i n&#8217;estem aprenent molt!!<\/p>\n<p><a href=\"https:\/\/photos.app.goo.gl\/YGZF4bNYT3eCEB6x8\" target=\"_blank\" rel=\"noopener\">FOTOS<\/a><\/p>\n","protected":false},"excerpt":{"rendered":"<p>Aquests dies ens ho estem passant molt b\u00e9 amb el rac\u00f3 de les simetries.La tasca consisteix a completar la figura perqu\u00e8 sigui sim\u00e8trica.El millor \u00e9s comprovar-ho amb el mirall!<br \/>\nTamb\u00e9 estem fent el rac\u00f3 de patrons cARTabon i ens agrada molt\u00edssim! En aquest rac\u00f3 hem de&hellip;  <a href=\"https:\/\/agora.xtec.cat\/ceip-lamuntanya-aiguafreda\/general\/nous-racons-dinnovamat-a-p5-2\/\" title=\"Read Nous racons d&#8217;Innovamat a P5\">Llegeix m\u00e9s\u00bb<\/a><\/p>\n","protected":false},"author":35,"featured_media":7229,"comment_status":"open","ping_status":"closed","sticky":false,"template":"","format":"standard","meta":{"_bbp_topic_count":0,"_bbp_reply_count":0,"_bbp_total_topic_count":0,"_bbp_total_reply_count":0,"_bbp_voice_count":0,"_bbp_anonymous_reply_count":0,"_bbp_topic_count_hidden":0,"_bbp_reply_count_hidden":0,"_bbp_forum_subforum_count":0,"footnotes":""},"categories":[1,290],"tags":[],"class_list":["post-7198","post","type-post","status-publish","format-standard","has-post-thumbnail","hentry","category-general","category-i5"],"post_mailing_queue_ids":[],"_links":{"self":[{"href":"https:\/\/agora.xtec.cat\/ceip-lamuntanya-aiguafreda\/wp-json\/wp\/v2\/posts\/7198","targetHints":{"allow":["GET"]}}],"collection":[{"href":"https:\/\/agora.xtec.cat\/ceip-lamuntanya-aiguafreda\/wp-json\/wp\/v2\/posts"}],"about":[{"href":"https:\/\/agora.xtec.cat\/ceip-lamuntanya-aiguafreda\/wp-json\/wp\/v2\/types\/post"}],"author":[{"embeddable":true,"href":"https:\/\/agora.xtec.cat\/ceip-lamuntanya-aiguafreda\/wp-json\/wp\/v2\/users\/35"}],"replies":[{"embeddable":true,"href":"https:\/\/agora.xtec.cat\/ceip-lamuntanya-aiguafreda\/wp-json\/wp\/v2\/comments?post=7198"}],"version-history":[{"count":2,"href":"https:\/\/agora.xtec.cat\/ceip-lamuntanya-aiguafreda\/wp-json\/wp\/v2\/posts\/7198\/revisions"}],"predecessor-version":[{"id":7201,"href":"https:\/\/agora.xtec.cat\/ceip-lamuntanya-aiguafreda\/wp-json\/wp\/v2\/posts\/7198\/revisions\/7201"}],"wp:featuredmedia":[{"embeddable":true,"href":"https:\/\/agora.xtec.cat\/ceip-lamuntanya-aiguafreda\/wp-json\/wp\/v2\/media\/7229"}],"wp:attachment":[{"href":"https:\/\/agora.xtec.cat\/ceip-lamuntanya-aiguafreda\/wp-json\/wp\/v2\/media?parent=7198"}],"wp:term":[{"taxonomy":"category","embeddable":true,"href":"https:\/\/agora.xtec.cat\/ceip-lamuntanya-aiguafreda\/wp-json\/wp\/v2\/categories?post=7198"},{"taxonomy":"post_tag","embeddable":true,"href":"https:\/\/agora.xtec.cat\/ceip-lamuntanya-aiguafreda\/wp-json\/wp\/v2\/tags?post=7198"}],"curies":[{"name":"wp","href":"https:\/\/api.w.org\/{rel}","templated":true}]}}