{"id":7003,"date":"2022-03-16T20:05:42","date_gmt":"2022-03-16T19:05:42","guid":{"rendered":"https:\/\/agora.xtec.cat\/ceip-lamuntanya-aiguafreda\/?p=7003"},"modified":"2022-03-16T20:05:42","modified_gmt":"2022-03-16T19:05:42","slug":"cerquem-informacio-a-la-biblioteca-de-lescola","status":"publish","type":"post","link":"https:\/\/agora.xtec.cat\/ceip-lamuntanya-aiguafreda\/i4\/cerquem-informacio-a-la-biblioteca-de-lescola\/","title":{"rendered":"CERQUEM INFORMACI\u00d3 A LA BIBLIOTECA DE L&#8217;ESCOLA."},"content":{"rendered":"<p>Una activitat m\u00e9s del nostre projecte, ha estat cercar informaci\u00f3 a la biblioteca de l&#8217;escola. Vam veure quins eren els prestatges m\u00e9s adients\u00a0 i vam comen\u00e7ar a &#8220;triar i remenar&#8221; contes. Aix\u00f2 s\u00ed, en silenci, a les biblioteques no es xerra o, en tot cas, molt fluixet. Vam trobar diferents llibres que feien refer\u00e8ncia a les cases. Aleshores,\u00a0 vam apuntar, en una llista que tenen les bibliotec\u00e0ries , quins llibres agafavem i aix\u00ed, elles saben que no s&#8217;han perdut. Com que la biblioteca que tenim a l&#8217;escola \u00e9s molt bonica i s&#8217;hi est\u00e0 molt b\u00e9, ens hi vam quedar una estona.<\/p>\n<p><a href=\"https:\/\/photos.app.goo.gl\/fbUn6MxSpB42CQmr8\">FOTOS<\/a><\/p>\n","protected":false},"excerpt":{"rendered":"<p>Una activitat m\u00e9s del nostre projecte, ha estat cercar informaci\u00f3 a la biblioteca de l&#8217;escola. Vam veure quins eren els prestatges m\u00e9s adients\u00a0 i vam comen\u00e7ar a &#8220;triar i remenar&#8221; contes. Aix\u00f2 s\u00ed, en silenci, a les biblioteques no es xerra o, en tot cas,&hellip;  <a href=\"https:\/\/agora.xtec.cat\/ceip-lamuntanya-aiguafreda\/i4\/cerquem-informacio-a-la-biblioteca-de-lescola\/\" title=\"Read CERQUEM INFORMACI\u00d3 A LA BIBLIOTECA DE L&#8217;ESCOLA.\">Llegeix m\u00e9s\u00bb<\/a><\/p>\n","protected":false},"author":35,"featured_media":7004,"comment_status":"open","ping_status":"closed","sticky":false,"template":"","format":"standard","meta":{"_bbp_topic_count":0,"_bbp_reply_count":0,"_bbp_total_topic_count":0,"_bbp_total_reply_count":0,"_bbp_voice_count":0,"_bbp_anonymous_reply_count":0,"_bbp_topic_count_hidden":0,"_bbp_reply_count_hidden":0,"_bbp_forum_subforum_count":0,"footnotes":""},"categories":[289],"tags":[89,87,70,92],"class_list":["post-7003","post","type-post","status-publish","format-standard","has-post-thumbnail","hentry","category-i4","tag-aprenentatge","tag-biblioteca","tag-lectura","tag-projecte"],"post_mailing_queue_ids":[],"_links":{"self":[{"href":"https:\/\/agora.xtec.cat\/ceip-lamuntanya-aiguafreda\/wp-json\/wp\/v2\/posts\/7003","targetHints":{"allow":["GET"]}}],"collection":[{"href":"https:\/\/agora.xtec.cat\/ceip-lamuntanya-aiguafreda\/wp-json\/wp\/v2\/posts"}],"about":[{"href":"https:\/\/agora.xtec.cat\/ceip-lamuntanya-aiguafreda\/wp-json\/wp\/v2\/types\/post"}],"author":[{"embeddable":true,"href":"https:\/\/agora.xtec.cat\/ceip-lamuntanya-aiguafreda\/wp-json\/wp\/v2\/users\/35"}],"replies":[{"embeddable":true,"href":"https:\/\/agora.xtec.cat\/ceip-lamuntanya-aiguafreda\/wp-json\/wp\/v2\/comments?post=7003"}],"version-history":[{"count":2,"href":"https:\/\/agora.xtec.cat\/ceip-lamuntanya-aiguafreda\/wp-json\/wp\/v2\/posts\/7003\/revisions"}],"predecessor-version":[{"id":7006,"href":"https:\/\/agora.xtec.cat\/ceip-lamuntanya-aiguafreda\/wp-json\/wp\/v2\/posts\/7003\/revisions\/7006"}],"wp:featuredmedia":[{"embeddable":true,"href":"https:\/\/agora.xtec.cat\/ceip-lamuntanya-aiguafreda\/wp-json\/wp\/v2\/media\/7004"}],"wp:attachment":[{"href":"https:\/\/agora.xtec.cat\/ceip-lamuntanya-aiguafreda\/wp-json\/wp\/v2\/media?parent=7003"}],"wp:term":[{"taxonomy":"category","embeddable":true,"href":"https:\/\/agora.xtec.cat\/ceip-lamuntanya-aiguafreda\/wp-json\/wp\/v2\/categories?post=7003"},{"taxonomy":"post_tag","embeddable":true,"href":"https:\/\/agora.xtec.cat\/ceip-lamuntanya-aiguafreda\/wp-json\/wp\/v2\/tags?post=7003"}],"curies":[{"name":"wp","href":"https:\/\/api.w.org\/{rel}","templated":true}]}}