{"id":6940,"date":"2022-03-07T13:27:29","date_gmt":"2022-03-07T12:27:29","guid":{"rendered":"https:\/\/agora.xtec.cat\/ceip-lamuntanya-aiguafreda\/?p=6940"},"modified":"2025-11-04T16:37:38","modified_gmt":"2025-11-04T15:37:38","slug":"visita-a-la-mancomunitat-la-plana","status":"publish","type":"post","link":"https:\/\/agora.xtec.cat\/ceip-lamuntanya-aiguafreda\/general\/visita-a-la-mancomunitat-la-plana\/","title":{"rendered":"Visita a la Mancomunitat la Plana"},"content":{"rendered":"<p>Dins el marc de les diferents activitats que portem a terme com a escola verda, els i les alumnes de 5\u00e8 i 6\u00e8 vam visitar les instal\u00b7lacions de la Mancomunitat la Plana el passat 24 de mar\u00e7 al mat\u00ed.<\/p>\n<p>All\u00e0 vam poder veure la Planta de triatge en la qual treballen persones amb diversitat funcional del TAC Osona i la planta de compostatge.<\/p>\n<p>Vam recordar les tres <strong>R<\/strong> (<strong>r<\/strong>eduir, <strong>r<\/strong>eciclar i <strong>r<\/strong>eutilitzar), la import\u00e0ncia de fer correctament la selecci\u00f3 de residus a casa per la recollida porta a porta, aix\u00ed com tamb\u00e9 prendre consci\u00e8ncia de la gran quantitat de residus que generem i que malauradament, molts d&#8217;ells acaben a l&#8217;abocador d&#8217;Or\u00eds.<\/p>\n<p>En acabar la visita ens van obsequiar amb una bosseta de compost elaborada de les restes de mat\u00e8ria org\u00e0nica que es recullen.<\/p>\n<p><a href=\"https:\/\/photos.app.goo.gl\/rd8gNHFN2CdaKSta8\">FOTOS<\/a><\/p>\n","protected":false},"excerpt":{"rendered":"<p>Dins el marc de les diferents activitats que portem a terme com a escola verda, els i les alumnes de 5\u00e8 i 6\u00e8 vam visitar les instal\u00b7lacions de la Mancomunitat la Plana el passat 24 de mar\u00e7 al mat\u00ed.<br \/>\nAll\u00e0 vam poder veure la Planta de&hellip;  <a href=\"https:\/\/agora.xtec.cat\/ceip-lamuntanya-aiguafreda\/general\/visita-a-la-mancomunitat-la-plana\/\" title=\"Read Visita a la Mancomunitat la Plana\">Llegeix m\u00e9s\u00bb<\/a><\/p>\n","protected":false},"author":35,"featured_media":6941,"comment_status":"open","ping_status":"closed","sticky":false,"template":"","format":"standard","meta":{"_bbp_topic_count":0,"_bbp_reply_count":0,"_bbp_total_topic_count":0,"_bbp_total_reply_count":0,"_bbp_voice_count":0,"_bbp_anonymous_reply_count":0,"_bbp_topic_count_hidden":0,"_bbp_reply_count_hidden":0,"_bbp_forum_subforum_count":0,"footnotes":""},"categories":[1],"tags":[],"class_list":["post-6940","post","type-post","status-publish","format-standard","has-post-thumbnail","hentry","category-general"],"post_mailing_queue_ids":[],"_links":{"self":[{"href":"https:\/\/agora.xtec.cat\/ceip-lamuntanya-aiguafreda\/wp-json\/wp\/v2\/posts\/6940","targetHints":{"allow":["GET"]}}],"collection":[{"href":"https:\/\/agora.xtec.cat\/ceip-lamuntanya-aiguafreda\/wp-json\/wp\/v2\/posts"}],"about":[{"href":"https:\/\/agora.xtec.cat\/ceip-lamuntanya-aiguafreda\/wp-json\/wp\/v2\/types\/post"}],"author":[{"embeddable":true,"href":"https:\/\/agora.xtec.cat\/ceip-lamuntanya-aiguafreda\/wp-json\/wp\/v2\/users\/35"}],"replies":[{"embeddable":true,"href":"https:\/\/agora.xtec.cat\/ceip-lamuntanya-aiguafreda\/wp-json\/wp\/v2\/comments?post=6940"}],"version-history":[{"count":3,"href":"https:\/\/agora.xtec.cat\/ceip-lamuntanya-aiguafreda\/wp-json\/wp\/v2\/posts\/6940\/revisions"}],"predecessor-version":[{"id":7275,"href":"https:\/\/agora.xtec.cat\/ceip-lamuntanya-aiguafreda\/wp-json\/wp\/v2\/posts\/6940\/revisions\/7275"}],"wp:featuredmedia":[{"embeddable":true,"href":"https:\/\/agora.xtec.cat\/ceip-lamuntanya-aiguafreda\/wp-json\/wp\/v2\/media\/6941"}],"wp:attachment":[{"href":"https:\/\/agora.xtec.cat\/ceip-lamuntanya-aiguafreda\/wp-json\/wp\/v2\/media?parent=6940"}],"wp:term":[{"taxonomy":"category","embeddable":true,"href":"https:\/\/agora.xtec.cat\/ceip-lamuntanya-aiguafreda\/wp-json\/wp\/v2\/categories?post=6940"},{"taxonomy":"post_tag","embeddable":true,"href":"https:\/\/agora.xtec.cat\/ceip-lamuntanya-aiguafreda\/wp-json\/wp\/v2\/tags?post=6940"}],"curies":[{"name":"wp","href":"https:\/\/api.w.org\/{rel}","templated":true}]}}