{"id":6841,"date":"2022-02-03T20:42:11","date_gmt":"2022-02-03T19:42:11","guid":{"rendered":"https:\/\/agora.xtec.cat\/ceip-lamuntanya-aiguafreda\/?p=6841"},"modified":"2022-04-05T12:04:54","modified_gmt":"2022-04-05T10:04:54","slug":"a-punt-per-marxar-a-croacia","status":"publish","type":"post","link":"https:\/\/agora.xtec.cat\/ceip-lamuntanya-aiguafreda\/general\/a-punt-per-marxar-a-croacia\/","title":{"rendered":"A PUNT PER MARXAR A CRO\u00c0CIA"},"content":{"rendered":"<p>La setmana del 6 de mar\u00e7 fins el dissabte 12 de mar\u00e7, 5 nens i nenes i dues mestres de l&#8217;escola marxem a Cro\u00e0cia. Aquesta tercera mobilitat forma part del projecte ERASMUS K2. Fins ara hem viatjat a Turquia i Litu\u00e0nia. El\u00a0 mes vinent vindran a la nostra escola els 4 pa\u00efssos participants.<\/p>\n<p>Estem molt il.lusionats i tenim moltes ganes!<\/p>\n<p>Us deixem <a href=\"https:\/\/votv.alacarta.cat\/aiguafreda\/noticia\/alumnes-d-aiguafreda-tornen-del-projecte-d-erasmus-a-lituania\">l&#8217;enlla\u00e7 <\/a>de VOTV.\u00a0 Aquesta setmana van venir a l&#8217;escola a fer-nos una entrevista i a gravar la presentaci\u00f3 que van fer els alumnes que van viatjar a Litu\u00e0nia.<\/p>\n","protected":false},"excerpt":{"rendered":"<p>La setmana del 6 de mar\u00e7 fins el dissabte 12 de mar\u00e7, 5 nens i nenes i dues mestres de l&#8217;escola marxem a Cro\u00e0cia. Aquesta tercera mobilitat forma part del projecte ERASMUS K2. Fins ara hem viatjat a Turquia i Litu\u00e0nia. El\u00a0 mes vinent vindran&hellip;  <a href=\"https:\/\/agora.xtec.cat\/ceip-lamuntanya-aiguafreda\/general\/a-punt-per-marxar-a-croacia\/\" title=\"Read A PUNT PER MARXAR A CRO\u00c0CIA\">Llegeix m\u00e9s\u00bb<\/a><\/p>\n","protected":false},"author":1,"featured_media":6842,"comment_status":"open","ping_status":"closed","sticky":false,"template":"","format":"standard","meta":{"_bbp_topic_count":0,"_bbp_reply_count":0,"_bbp_total_topic_count":0,"_bbp_total_reply_count":0,"_bbp_voice_count":0,"_bbp_anonymous_reply_count":0,"_bbp_topic_count_hidden":0,"_bbp_reply_count_hidden":0,"_bbp_forum_subforum_count":0,"footnotes":""},"categories":[1,4],"tags":[],"class_list":["post-6841","post","type-post","status-publish","format-standard","has-post-thumbnail","hentry","category-general","category-portada"],"post_mailing_queue_ids":[],"_links":{"self":[{"href":"https:\/\/agora.xtec.cat\/ceip-lamuntanya-aiguafreda\/wp-json\/wp\/v2\/posts\/6841","targetHints":{"allow":["GET"]}}],"collection":[{"href":"https:\/\/agora.xtec.cat\/ceip-lamuntanya-aiguafreda\/wp-json\/wp\/v2\/posts"}],"about":[{"href":"https:\/\/agora.xtec.cat\/ceip-lamuntanya-aiguafreda\/wp-json\/wp\/v2\/types\/post"}],"author":[{"embeddable":true,"href":"https:\/\/agora.xtec.cat\/ceip-lamuntanya-aiguafreda\/wp-json\/wp\/v2\/users\/1"}],"replies":[{"embeddable":true,"href":"https:\/\/agora.xtec.cat\/ceip-lamuntanya-aiguafreda\/wp-json\/wp\/v2\/comments?post=6841"}],"version-history":[{"count":3,"href":"https:\/\/agora.xtec.cat\/ceip-lamuntanya-aiguafreda\/wp-json\/wp\/v2\/posts\/6841\/revisions"}],"predecessor-version":[{"id":6917,"href":"https:\/\/agora.xtec.cat\/ceip-lamuntanya-aiguafreda\/wp-json\/wp\/v2\/posts\/6841\/revisions\/6917"}],"wp:featuredmedia":[{"embeddable":true,"href":"https:\/\/agora.xtec.cat\/ceip-lamuntanya-aiguafreda\/wp-json\/wp\/v2\/media\/6842"}],"wp:attachment":[{"href":"https:\/\/agora.xtec.cat\/ceip-lamuntanya-aiguafreda\/wp-json\/wp\/v2\/media?parent=6841"}],"wp:term":[{"taxonomy":"category","embeddable":true,"href":"https:\/\/agora.xtec.cat\/ceip-lamuntanya-aiguafreda\/wp-json\/wp\/v2\/categories?post=6841"},{"taxonomy":"post_tag","embeddable":true,"href":"https:\/\/agora.xtec.cat\/ceip-lamuntanya-aiguafreda\/wp-json\/wp\/v2\/tags?post=6841"}],"curies":[{"name":"wp","href":"https:\/\/api.w.org\/{rel}","templated":true}]}}