{"id":6828,"date":"2022-02-03T22:35:30","date_gmt":"2022-02-03T21:35:30","guid":{"rendered":"https:\/\/agora.xtec.cat\/ceip-lamuntanya-aiguafreda\/?p=6828"},"modified":"2022-03-02T20:02:50","modified_gmt":"2022-03-02T19:02:50","slug":"les-aules-de-cicle-petits-comencen-a-moures","status":"publish","type":"post","link":"https:\/\/agora.xtec.cat\/ceip-lamuntanya-aiguafreda\/general\/les-aules-de-cicle-petits-comencen-a-moures\/","title":{"rendered":"LES AULES DE CICLE PETITS COMENCEN A MOURE&#8217;S"},"content":{"rendered":"<p>Convertir els\/les alumnes en <strong>protagonistes del seu propi aprenentatge<\/strong> significa oferir-los l\u2019oportunitat perqu\u00e8 ells\/es mateixos\/es\u00a0 construeixin el seu propi coneixement, un coneixement significatiu que els\/es ajudi a entendre i a situar-se en el m\u00f3n real. \u00a0A l\u2019escola la Muntanya utilitzem metodologies perqu\u00e8 els infants es converteixin en els protagonistes d\u2019aquesta aventura educativa com l\u2019aprenentatge cooperatiu, la implicaci\u00f3 i el lideratge directe de projectes propis, l\u2019aprenentatge basat en reptes o l\u2019aprenentatge internivells en estones de racons i ambients a tots els cursos de l\u2019escola.<\/p>\n<p>A l\u2019escola entenem que en una educaci\u00f3 obligat\u00f2ria\u00a0<strong>l\u2019aprenentatge ha de ser majorit\u00e0riament globalitzat<\/strong> de manera que apropi els infants a aquesta realitat complexa i globalitzada. El treball interdisciplinar, dissenyat a l\u2019escola, \u00a0permet una major concentraci\u00f3 i immersi\u00f3 de l\u2019alumnat en els reptes escollits.<\/p>\n<p>Aquesta manera de treballar implica que les aules siguin espais compartits d&#8217;aprenentatge on alumnes i docents treballen en equip i cooperativament. Els espais i l&#8217;organitzaci\u00f3 del mobiliari s\u00f3n propostes metodol\u00f2giques obertes que promouen la descoberta de les pr\u00f2pies habilitats i talents dels infants i permet que els alumnes puguin triar i realitzar de manera simult\u00e0nia activitats de tipus cognitiu, manipulatiu i simb\u00f2lic en base als seus interessos.<\/p>\n<p><a href=\"https:\/\/photos.app.goo.gl\/QDAJtC2L6bt5CQaM7\">Fotos<\/a><\/p>\n","protected":false},"excerpt":{"rendered":"<p>Convertir els\/les alumnes en protagonistes del seu propi aprenentatge significa oferir-los l\u2019oportunitat perqu\u00e8 ells\/es mateixos\/es\u00a0 construeixin el seu propi coneixement, un coneixement significatiu que els\/es ajudi a entendre i a situar-se en el m\u00f3n real. \u00a0A l\u2019escola la Muntanya utilitzem metodologies perqu\u00e8 els infants es&hellip;  <a href=\"https:\/\/agora.xtec.cat\/ceip-lamuntanya-aiguafreda\/general\/les-aules-de-cicle-petits-comencen-a-moures\/\" title=\"Read LES AULES DE CICLE PETITS COMENCEN A MOURE&#8217;S\">Llegeix m\u00e9s\u00bb<\/a><\/p>\n","protected":false},"author":1,"featured_media":6829,"comment_status":"open","ping_status":"closed","sticky":false,"template":"","format":"standard","meta":{"_bbp_topic_count":0,"_bbp_reply_count":0,"_bbp_total_topic_count":0,"_bbp_total_reply_count":0,"_bbp_voice_count":0,"_bbp_anonymous_reply_count":0,"_bbp_topic_count_hidden":0,"_bbp_reply_count_hidden":0,"_bbp_forum_subforum_count":0,"footnotes":""},"categories":[1,4],"tags":[],"class_list":["post-6828","post","type-post","status-publish","format-standard","has-post-thumbnail","hentry","category-general","category-portada"],"post_mailing_queue_ids":[],"_links":{"self":[{"href":"https:\/\/agora.xtec.cat\/ceip-lamuntanya-aiguafreda\/wp-json\/wp\/v2\/posts\/6828","targetHints":{"allow":["GET"]}}],"collection":[{"href":"https:\/\/agora.xtec.cat\/ceip-lamuntanya-aiguafreda\/wp-json\/wp\/v2\/posts"}],"about":[{"href":"https:\/\/agora.xtec.cat\/ceip-lamuntanya-aiguafreda\/wp-json\/wp\/v2\/types\/post"}],"author":[{"embeddable":true,"href":"https:\/\/agora.xtec.cat\/ceip-lamuntanya-aiguafreda\/wp-json\/wp\/v2\/users\/1"}],"replies":[{"embeddable":true,"href":"https:\/\/agora.xtec.cat\/ceip-lamuntanya-aiguafreda\/wp-json\/wp\/v2\/comments?post=6828"}],"version-history":[{"count":3,"href":"https:\/\/agora.xtec.cat\/ceip-lamuntanya-aiguafreda\/wp-json\/wp\/v2\/posts\/6828\/revisions"}],"predecessor-version":[{"id":6885,"href":"https:\/\/agora.xtec.cat\/ceip-lamuntanya-aiguafreda\/wp-json\/wp\/v2\/posts\/6828\/revisions\/6885"}],"wp:featuredmedia":[{"embeddable":true,"href":"https:\/\/agora.xtec.cat\/ceip-lamuntanya-aiguafreda\/wp-json\/wp\/v2\/media\/6829"}],"wp:attachment":[{"href":"https:\/\/agora.xtec.cat\/ceip-lamuntanya-aiguafreda\/wp-json\/wp\/v2\/media?parent=6828"}],"wp:term":[{"taxonomy":"category","embeddable":true,"href":"https:\/\/agora.xtec.cat\/ceip-lamuntanya-aiguafreda\/wp-json\/wp\/v2\/categories?post=6828"},{"taxonomy":"post_tag","embeddable":true,"href":"https:\/\/agora.xtec.cat\/ceip-lamuntanya-aiguafreda\/wp-json\/wp\/v2\/tags?post=6828"}],"curies":[{"name":"wp","href":"https:\/\/api.w.org\/{rel}","templated":true}]}}