{"id":10732,"date":"2025-10-28T13:58:47","date_gmt":"2025-10-28T12:58:47","guid":{"rendered":"https:\/\/agora.xtec.cat\/ceip-lamuntanya-aiguafreda\/?p=10732"},"modified":"2025-11-05T13:26:30","modified_gmt":"2025-11-05T12:26:30","slug":"renovem-el-nostre-compromis-amb-la-sostenibilitat-revalidem-el-diploma-descola-verda","status":"publish","type":"post","link":"https:\/\/agora.xtec.cat\/ceip-lamuntanya-aiguafreda\/general\/renovem-el-nostre-compromis-amb-la-sostenibilitat-revalidem-el-diploma-descola-verda\/","title":{"rendered":"Renovem el nostre comprom\u00eds amb la sostenibilitat: Revalidem el Diploma d\u2019Escola Verda!"},"content":{"rendered":"<p>Ens fa molta il\u00b7lusi\u00f3 compartir una gran not\u00edcia: la nostra escola ha renovat un any m\u00e9s el Diploma d\u2019Escola Verda! Aquest reconeixement reflecteix el comprom\u00eds continu amb la sostenibilitat, el respecte pel medi ambient i l\u2019educaci\u00f3 en valors ecol\u00f2gics que formen part essencial del nostre projecte educatiu.<\/p>\n<p>Aquesta renovaci\u00f3 no \u00e9s nom\u00e9s un t\u00edtol, sin\u00f3 el resultat d\u2019un treball col\u00b7lectiu i constant de tota la comunitat educativa. A continuaci\u00f3, us expliquem alguns dels aspectes m\u00e9s destacats que fan possible aquest reconeixement:<\/p>\n<p>\ud83c\udf31 Implicaci\u00f3 del claustre<\/p>\n<p>M\u00e9s del 20% del professorat participa activament en accions vinculades al Pla d\u2019acci\u00f3 d\u2019Escola Verda, i el 80% del claustre dona suport a aquest projecte. Aquesta implicaci\u00f3 \u00e9s clau per promoure la sostenibilitat dins i fora de les aules.<\/p>\n<p>\ud83c\udf0d Comit\u00e8 Ambiental<\/p>\n<p>El nostre Comit\u00e8 Ambiental est\u00e0 format per representants de tota la comunitat educativa, amb l\u2019alumnat com a protagonista. S\u00f3n ells i elles qui impulsen moltes de les iniciatives sostenibles del centre i asseguren que el nostre Pla d\u2019acci\u00f3 sigui viu i din\u00e0mic. El Comit\u00e8 es reuneix de manera peri\u00f2dica per coordinar i avaluar les accions.<\/p>\n<p>\u267b\ufe0f Autoavaluaci\u00f3 cont\u00ednua<\/p>\n<p>L\u2019escola revisa i actualitza de manera peri\u00f2dica el Pla d\u2019educaci\u00f3 per a la sostenibilitat, fent una avaluaci\u00f3 i revisi\u00f3 dels objectius cada quatre anys. Aix\u00f2 ens permet millorar constantment i adaptar-nos als nous reptes ambientals.<\/p>\n<p>\ud83d\udcd8 Projecte de centre<\/p>\n<p>Els objectius i accions del Pla d\u2019educaci\u00f3 per a la sostenibilitat estan integrats en el Projecte educatiu, el Projecte de direcci\u00f3 i la Programaci\u00f3 general anual. D\u2019aquesta manera, la sostenibilitat \u00e9s present en totes les \u00e0rees i decisions del centre.<\/p>\n<p>\ud83e\udd1d Compromisos de xarxa<\/p>\n<p>Formem part activa de la Xarxa d\u2019Escoles Verdes, participant en reunions, formacions i activitats d\u2019intercanvi que ens permeten cr\u00e9ixer i compartir experi\u00e8ncies amb altres centres compromesos amb el mateix objectiu: fer un m\u00f3n m\u00e9s sostenible.<\/p>\n<p>Aquesta renovaci\u00f3 del Diploma d\u2019Escola Verda \u00e9s un reconeixement al treball col\u00b7lectiu i al comprom\u00eds del nostre alumnat, professorat i fam\u00edlies. Continuarem treballant per una escola m\u00e9s conscient, sostenible i respectuosa amb el nostre entorn.<\/p>\n<p>\ud83d\udc9a Gr\u00e0cies a tots i totes per fer-ho possible!<\/p>\n<p><a href=\"https:\/\/agora.xtec.cat\/ceip-lamuntanya-aiguafreda\/wp-content\/uploads\/usu1657\/2025\/10\/Captura-de-pantalla-2025-10-28-135301.png\"><img loading=\"lazy\" decoding=\"async\" class=\"aligncenter size-medium wp-image-10737\" src=\"https:\/\/agora.xtec.cat\/ceip-lamuntanya-aiguafreda\/wp-content\/uploads\/usu1657\/2025\/10\/Captura-de-pantalla-2025-10-28-135301-300x231.png\" alt=\"\" width=\"300\" height=\"231\" srcset=\"https:\/\/agora.xtec.cat\/ceip-lamuntanya-aiguafreda\/wp-content\/uploads\/usu1657\/2025\/10\/Captura-de-pantalla-2025-10-28-135301-300x231.png 300w, https:\/\/agora.xtec.cat\/ceip-lamuntanya-aiguafreda\/wp-content\/uploads\/usu1657\/2025\/10\/Captura-de-pantalla-2025-10-28-135301.png 732w\" sizes=\"auto, (max-width: 300px) 100vw, 300px\" \/><\/a><\/p>\n<p>&nbsp;<\/p>\n","protected":false},"excerpt":{"rendered":"<p>Ens fa molta il\u00b7lusi\u00f3 compartir una gran not\u00edcia: la nostra escola ha renovat un any m\u00e9s el Diploma d\u2019Escola Verda! Aquest reconeixement reflecteix el comprom\u00eds continu amb la sostenibilitat, el respecte pel medi ambient i l\u2019educaci\u00f3 en valors ecol\u00f2gics que formen part essencial del nostre&hellip;  <a href=\"https:\/\/agora.xtec.cat\/ceip-lamuntanya-aiguafreda\/general\/renovem-el-nostre-compromis-amb-la-sostenibilitat-revalidem-el-diploma-descola-verda\/\" title=\"Read Renovem el nostre comprom\u00eds amb la sostenibilitat: Revalidem el Diploma d\u2019Escola Verda!\">Llegeix m\u00e9s\u00bb<\/a><\/p>\n","protected":false},"author":55,"featured_media":10737,"comment_status":"open","ping_status":"open","sticky":false,"template":"","format":"standard","meta":{"_bbp_topic_count":0,"_bbp_reply_count":0,"_bbp_total_topic_count":0,"_bbp_total_reply_count":0,"_bbp_voice_count":0,"_bbp_anonymous_reply_count":0,"_bbp_topic_count_hidden":0,"_bbp_reply_count_hidden":0,"_bbp_forum_subforum_count":0,"footnotes":""},"categories":[1,4],"tags":[],"class_list":["post-10732","post","type-post","status-publish","format-standard","has-post-thumbnail","hentry","category-general","category-portada"],"post_mailing_queue_ids":[],"_links":{"self":[{"href":"https:\/\/agora.xtec.cat\/ceip-lamuntanya-aiguafreda\/wp-json\/wp\/v2\/posts\/10732","targetHints":{"allow":["GET"]}}],"collection":[{"href":"https:\/\/agora.xtec.cat\/ceip-lamuntanya-aiguafreda\/wp-json\/wp\/v2\/posts"}],"about":[{"href":"https:\/\/agora.xtec.cat\/ceip-lamuntanya-aiguafreda\/wp-json\/wp\/v2\/types\/post"}],"author":[{"embeddable":true,"href":"https:\/\/agora.xtec.cat\/ceip-lamuntanya-aiguafreda\/wp-json\/wp\/v2\/users\/55"}],"replies":[{"embeddable":true,"href":"https:\/\/agora.xtec.cat\/ceip-lamuntanya-aiguafreda\/wp-json\/wp\/v2\/comments?post=10732"}],"version-history":[{"count":2,"href":"https:\/\/agora.xtec.cat\/ceip-lamuntanya-aiguafreda\/wp-json\/wp\/v2\/posts\/10732\/revisions"}],"predecessor-version":[{"id":10738,"href":"https:\/\/agora.xtec.cat\/ceip-lamuntanya-aiguafreda\/wp-json\/wp\/v2\/posts\/10732\/revisions\/10738"}],"wp:featuredmedia":[{"embeddable":true,"href":"https:\/\/agora.xtec.cat\/ceip-lamuntanya-aiguafreda\/wp-json\/wp\/v2\/media\/10737"}],"wp:attachment":[{"href":"https:\/\/agora.xtec.cat\/ceip-lamuntanya-aiguafreda\/wp-json\/wp\/v2\/media?parent=10732"}],"wp:term":[{"taxonomy":"category","embeddable":true,"href":"https:\/\/agora.xtec.cat\/ceip-lamuntanya-aiguafreda\/wp-json\/wp\/v2\/categories?post=10732"},{"taxonomy":"post_tag","embeddable":true,"href":"https:\/\/agora.xtec.cat\/ceip-lamuntanya-aiguafreda\/wp-json\/wp\/v2\/tags?post=10732"}],"curies":[{"name":"wp","href":"https:\/\/api.w.org\/{rel}","templated":true}]}}