{"id":941,"date":"2018-11-30T18:23:37","date_gmt":"2018-11-30T17:23:37","guid":{"rendered":"http:\/\/agora.xtec.cat\/ceip-lamonjoia\/?p=941"},"modified":"2019-01-25T12:36:52","modified_gmt":"2019-01-25T11:36:52","slug":"la-visita-den-david-serra","status":"publish","type":"post","link":"https:\/\/agora.xtec.cat\/ceip-lamonjoia\/general\/la-visita-den-david-serra\/","title":{"rendered":"La visita d&#8217;en David Serra!"},"content":{"rendered":"<p>El passat dia 16 de novembre vam poder descobrir finalment qui era l&#8217;artista misteri\u00f3s que ens havia pintat aquell quadre tan bonic ple de formes geom\u00e8triques: era en David Serra!<\/p>\n<p>Va venir a fer-nos una visita a l&#8217;escola i vam tenir una conversa molt interessant amb ell sobre L&#8217;ART. Ens va agradar molt coneixe&#8217;l una mica m\u00e9s i que ens parl\u00e9s de la seva experi\u00e8ncia com a pintor experimentat.\u00a0 En David va ser molt gener\u00f3s i ens va deixar acabar el quadre del pati, ja que hi vam afegir\u00a0 alguns elements nous o b\u00e9 en vam suprimir algun que no ens acabava d&#8217;encaixar. Molt\u00edssimes gr\u00e0cies David pels teus consells i les teves recomanacions!<\/p>\n<p><a href=\"https:\/\/photos.app.goo.gl\/a1HXrGkthGzu16gBA\"><img loading=\"lazy\" decoding=\"async\" class=\"alignnone size-full wp-image-943\" src=\"https:\/\/agora.xtec.cat\/ceip-lamonjoia\/wp-content\/uploads\/usu1254\/2018\/11\/00-portada-David-Serra.jpg\" alt=\"\" width=\"800\" height=\"600\" srcset=\"https:\/\/agora.xtec.cat\/ceip-lamonjoia\/wp-content\/uploads\/usu1254\/2018\/11\/00-portada-David-Serra.jpg 800w, https:\/\/agora.xtec.cat\/ceip-lamonjoia\/wp-content\/uploads\/usu1254\/2018\/11\/00-portada-David-Serra-300x225.jpg 300w, https:\/\/agora.xtec.cat\/ceip-lamonjoia\/wp-content\/uploads\/usu1254\/2018\/11\/00-portada-David-Serra-768x576.jpg 768w, https:\/\/agora.xtec.cat\/ceip-lamonjoia\/wp-content\/uploads\/usu1254\/2018\/11\/00-portada-David-Serra-200x150.jpg 200w\" sizes=\"auto, (max-width: 800px) 100vw, 800px\" \/><\/a><\/p>\n","protected":false},"excerpt":{"rendered":"<p>El passat dia 16 de novembre vam poder descobrir finalment qui era l&#8217;artista misteri\u00f3s que ens havia pintat aquell quadre tan bonic ple de formes geom\u00e8triques: era en David Serra! Va venir a fer-nos una visita a l&#8217;escola i vam tenir una conversa molt interessant amb ell sobre L&#8217;ART. Ens va agradar molt coneixe&#8217;l una [&hellip;]<\/p>\n","protected":false},"author":5,"featured_media":0,"comment_status":"open","ping_status":"closed","sticky":false,"template":"","format":"standard","meta":{"_bbp_topic_count":0,"_bbp_reply_count":0,"_bbp_total_topic_count":0,"_bbp_total_reply_count":0,"_bbp_voice_count":0,"_bbp_anonymous_reply_count":0,"_bbp_topic_count_hidden":0,"_bbp_reply_count_hidden":0,"_bbp_forum_subforum_count":0,"site-sidebar-layout":"default","site-content-layout":"","ast-site-content-layout":"","site-content-style":"default","site-sidebar-style":"default","ast-global-header-display":"","ast-banner-title-visibility":"","ast-main-header-display":"","ast-hfb-above-header-display":"","ast-hfb-below-header-display":"","ast-hfb-mobile-header-display":"","site-post-title":"","ast-breadcrumbs-content":"","ast-featured-img":"","footer-sml-layout":"","theme-transparent-header-meta":"","adv-header-id-meta":"","stick-header-meta":"","header-above-stick-meta":"","header-main-stick-meta":"","header-below-stick-meta":"","astra-migrate-meta-layouts":"default","ast-page-background-enabled":"default","ast-page-background-meta":{"desktop":{"background-color":"var(--ast-global-color-4)","background-image":"","background-repeat":"repeat","background-position":"center center","background-size":"auto","background-attachment":"scroll","background-type":"","background-media":"","overlay-type":"","overlay-color":"","overlay-opacity":"","overlay-gradient":""},"tablet":{"background-color":"","background-image":"","background-repeat":"repeat","background-position":"center center","background-size":"auto","background-attachment":"scroll","background-type":"","background-media":"","overlay-type":"","overlay-color":"","overlay-opacity":"","overlay-gradient":""},"mobile":{"background-color":"","background-image":"","background-repeat":"repeat","background-position":"center center","background-size":"auto","background-attachment":"scroll","background-type":"","background-media":"","overlay-type":"","overlay-color":"","overlay-opacity":"","overlay-gradient":""}},"ast-content-background-meta":{"desktop":{"background-color":"var(--ast-global-color-5)","background-image":"","background-repeat":"repeat","background-position":"center center","background-size":"auto","background-attachment":"scroll","background-type":"","background-media":"","overlay-type":"","overlay-color":"","overlay-opacity":"","overlay-gradient":""},"tablet":{"background-color":"var(--ast-global-color-5)","background-image":"","background-repeat":"repeat","background-position":"center center","background-size":"auto","background-attachment":"scroll","background-type":"","background-media":"","overlay-type":"","overlay-color":"","overlay-opacity":"","overlay-gradient":""},"mobile":{"background-color":"var(--ast-global-color-5)","background-image":"","background-repeat":"repeat","background-position":"center center","background-size":"auto","background-attachment":"scroll","background-type":"","background-media":"","overlay-type":"","overlay-color":"","overlay-opacity":"","overlay-gradient":""}},"footnotes":""},"categories":[1,4],"tags":[64],"class_list":["post-941","post","type-post","status-publish","format-standard","hentry","category-general","category-portada","tag-projecte-art"],"post_mailing_queue_ids":[],"_links":{"self":[{"href":"https:\/\/agora.xtec.cat\/ceip-lamonjoia\/wp-json\/wp\/v2\/posts\/941","targetHints":{"allow":["GET"]}}],"collection":[{"href":"https:\/\/agora.xtec.cat\/ceip-lamonjoia\/wp-json\/wp\/v2\/posts"}],"about":[{"href":"https:\/\/agora.xtec.cat\/ceip-lamonjoia\/wp-json\/wp\/v2\/types\/post"}],"author":[{"embeddable":true,"href":"https:\/\/agora.xtec.cat\/ceip-lamonjoia\/wp-json\/wp\/v2\/users\/5"}],"replies":[{"embeddable":true,"href":"https:\/\/agora.xtec.cat\/ceip-lamonjoia\/wp-json\/wp\/v2\/comments?post=941"}],"version-history":[{"count":3,"href":"https:\/\/agora.xtec.cat\/ceip-lamonjoia\/wp-json\/wp\/v2\/posts\/941\/revisions"}],"predecessor-version":[{"id":945,"href":"https:\/\/agora.xtec.cat\/ceip-lamonjoia\/wp-json\/wp\/v2\/posts\/941\/revisions\/945"}],"wp:attachment":[{"href":"https:\/\/agora.xtec.cat\/ceip-lamonjoia\/wp-json\/wp\/v2\/media?parent=941"}],"wp:term":[{"taxonomy":"category","embeddable":true,"href":"https:\/\/agora.xtec.cat\/ceip-lamonjoia\/wp-json\/wp\/v2\/categories?post=941"},{"taxonomy":"post_tag","embeddable":true,"href":"https:\/\/agora.xtec.cat\/ceip-lamonjoia\/wp-json\/wp\/v2\/tags?post=941"}],"curies":[{"name":"wp","href":"https:\/\/api.w.org\/{rel}","templated":true}]}}