{"id":922,"date":"2018-11-22T14:02:30","date_gmt":"2018-11-22T13:02:30","guid":{"rendered":"http:\/\/agora.xtec.cat\/ceip-lamonjoia\/?p=922"},"modified":"2018-11-22T14:03:41","modified_gmt":"2018-11-22T13:03:41","slug":"ja-tenim-un-raco-de-musica-al-pati","status":"publish","type":"post","link":"https:\/\/agora.xtec.cat\/ceip-lamonjoia\/general\/ja-tenim-un-raco-de-musica-al-pati\/","title":{"rendered":"Ja tenim un rac\u00f3 de m\u00fasica al pati!"},"content":{"rendered":"<p>Avui, en motiu de Santa Cec\u00edlia, patrona dels m\u00fasics, hem inaugurat un rac\u00f3 de m\u00fasica al pati. Aquest rac\u00f3 va sorgir durant el projecte patis que van fer els alumnes d&#8217;infantil i cicle inicial el curs passat. Amb l&#8217;ajuda dels pares vam preparar el rac\u00f3 i aquesta setmana els alumnes de cicle inicial l&#8217;han acabat de muntar. Esperem que tothom hi gaudeixi molt.<\/p>\n<p>Visca la M\u00fasica!<\/p>\n<p><a href=\"https:\/\/photos.app.goo.gl\/zPiew6UhjhbronsU6\"><img decoding=\"async\" src=\"https:\/\/lh3.googleusercontent.com\/iYII3ebkKMwP0DseDaLofmZGfK_7orgAQZ6Tbt8NbXC8vxBYNqahkg009W-Ci37ILnIr_894Qa_xuTbS2C3d9sxYbiJqefy2XJWEDDlrA_mZyqmEq0WGno8tB7NFLnVxmUf6TIguTyEaKcepA7gSkXY0ocobNiAi_HvrJLuoULE0mdoeCCa_ZkBPo0FUt5x-RpsvBM8-pMk91WEMGGnHDAwlF--v_n3NMsOFx2gJI0BaNuTyDslxmu7M-g7UuELZOlmzAxItMv7V5Xhi_s3o90QNGdrlO_-7sf9wXVFNPSm4cWlgHM9gmEoLG8mMRBD_rCXJW5dQehLvvylQD7yXWIHswJ_ZnOJo8RUC1CrogBFKf1w5BB_bq3o0nXLXQLPqGVInuEiVZPn0KqqsJGmRgvqzj3Fev8WW6-_cFUal_Sb47XlAoKm1uRTTJ_TbuJvcEGu9Y-__xWx5xUhFog8GcJKaZLGpaCpUnlgL8SpSi0-GBr3PXW7Ux6EyWwbZwEbXjv2Q_sciZCr71bECA1ljdRZrdHktOzLb3BWm215PI1-suUGBBEw7bQQcrrD2gQCgQBNV5epOX9fTtXVYXsym9u5Ouaeh2E1gqQng_c_cr2e1s_It_-a6gbCP83RVALleF5OGqfgn6ToGOfiwHTinPbwFG72EFHn4vhleiV2yd8gWH00SCRd5HOejtpU9RuUOvlu4_3VmogEEfK49uA=w640-h480-no\" \/><\/a><\/p>\n<p>&nbsp;<\/p>\n","protected":false},"excerpt":{"rendered":"<p>Avui, en motiu de Santa Cec\u00edlia, patrona dels m\u00fasics, hem inaugurat un rac\u00f3 de m\u00fasica al pati. Aquest rac\u00f3 va sorgir durant el projecte patis que van fer els alumnes d&#8217;infantil i cicle inicial el curs passat. Amb l&#8217;ajuda dels pares vam preparar el rac\u00f3 i aquesta setmana els alumnes de cicle inicial l&#8217;han acabat [&hellip;]<\/p>\n","protected":false},"author":8,"featured_media":0,"comment_status":"open","ping_status":"closed","sticky":false,"template":"","format":"standard","meta":{"_bbp_topic_count":0,"_bbp_reply_count":0,"_bbp_total_topic_count":0,"_bbp_total_reply_count":0,"_bbp_voice_count":0,"_bbp_anonymous_reply_count":0,"_bbp_topic_count_hidden":0,"_bbp_reply_count_hidden":0,"_bbp_forum_subforum_count":0,"site-sidebar-layout":"default","site-content-layout":"","ast-site-content-layout":"","site-content-style":"default","site-sidebar-style":"default","ast-global-header-display":"","ast-banner-title-visibility":"","ast-main-header-display":"","ast-hfb-above-header-display":"","ast-hfb-below-header-display":"","ast-hfb-mobile-header-display":"","site-post-title":"","ast-breadcrumbs-content":"","ast-featured-img":"","footer-sml-layout":"","theme-transparent-header-meta":"","adv-header-id-meta":"","stick-header-meta":"","header-above-stick-meta":"","header-main-stick-meta":"","header-below-stick-meta":"","astra-migrate-meta-layouts":"default","ast-page-background-enabled":"default","ast-page-background-meta":{"desktop":{"background-color":"var(--ast-global-color-4)","background-image":"","background-repeat":"repeat","background-position":"center center","background-size":"auto","background-attachment":"scroll","background-type":"","background-media":"","overlay-type":"","overlay-color":"","overlay-opacity":"","overlay-gradient":""},"tablet":{"background-color":"","background-image":"","background-repeat":"repeat","background-position":"center center","background-size":"auto","background-attachment":"scroll","background-type":"","background-media":"","overlay-type":"","overlay-color":"","overlay-opacity":"","overlay-gradient":""},"mobile":{"background-color":"","background-image":"","background-repeat":"repeat","background-position":"center center","background-size":"auto","background-attachment":"scroll","background-type":"","background-media":"","overlay-type":"","overlay-color":"","overlay-opacity":"","overlay-gradient":""}},"ast-content-background-meta":{"desktop":{"background-color":"var(--ast-global-color-5)","background-image":"","background-repeat":"repeat","background-position":"center center","background-size":"auto","background-attachment":"scroll","background-type":"","background-media":"","overlay-type":"","overlay-color":"","overlay-opacity":"","overlay-gradient":""},"tablet":{"background-color":"var(--ast-global-color-5)","background-image":"","background-repeat":"repeat","background-position":"center center","background-size":"auto","background-attachment":"scroll","background-type":"","background-media":"","overlay-type":"","overlay-color":"","overlay-opacity":"","overlay-gradient":""},"mobile":{"background-color":"var(--ast-global-color-5)","background-image":"","background-repeat":"repeat","background-position":"center center","background-size":"auto","background-attachment":"scroll","background-type":"","background-media":"","overlay-type":"","overlay-color":"","overlay-opacity":"","overlay-gradient":""}},"footnotes":""},"categories":[1,4],"tags":[45],"class_list":["post-922","post","type-post","status-publish","format-standard","hentry","category-general","category-portada","tag-musica"],"post_mailing_queue_ids":[],"_links":{"self":[{"href":"https:\/\/agora.xtec.cat\/ceip-lamonjoia\/wp-json\/wp\/v2\/posts\/922","targetHints":{"allow":["GET"]}}],"collection":[{"href":"https:\/\/agora.xtec.cat\/ceip-lamonjoia\/wp-json\/wp\/v2\/posts"}],"about":[{"href":"https:\/\/agora.xtec.cat\/ceip-lamonjoia\/wp-json\/wp\/v2\/types\/post"}],"author":[{"embeddable":true,"href":"https:\/\/agora.xtec.cat\/ceip-lamonjoia\/wp-json\/wp\/v2\/users\/8"}],"replies":[{"embeddable":true,"href":"https:\/\/agora.xtec.cat\/ceip-lamonjoia\/wp-json\/wp\/v2\/comments?post=922"}],"version-history":[{"count":1,"href":"https:\/\/agora.xtec.cat\/ceip-lamonjoia\/wp-json\/wp\/v2\/posts\/922\/revisions"}],"predecessor-version":[{"id":923,"href":"https:\/\/agora.xtec.cat\/ceip-lamonjoia\/wp-json\/wp\/v2\/posts\/922\/revisions\/923"}],"wp:attachment":[{"href":"https:\/\/agora.xtec.cat\/ceip-lamonjoia\/wp-json\/wp\/v2\/media?parent=922"}],"wp:term":[{"taxonomy":"category","embeddable":true,"href":"https:\/\/agora.xtec.cat\/ceip-lamonjoia\/wp-json\/wp\/v2\/categories?post=922"},{"taxonomy":"post_tag","embeddable":true,"href":"https:\/\/agora.xtec.cat\/ceip-lamonjoia\/wp-json\/wp\/v2\/tags?post=922"}],"curies":[{"name":"wp","href":"https:\/\/api.w.org\/{rel}","templated":true}]}}