{"id":19217,"date":"2023-11-18T11:11:42","date_gmt":"2023-11-18T10:11:42","guid":{"rendered":"https:\/\/agora.xtec.cat\/ceip-lamonjoia\/?p=19217"},"modified":"2023-11-18T12:49:14","modified_gmt":"2023-11-18T11:49:14","slug":"visita-de-la-laia-sauret","status":"publish","type":"post","link":"https:\/\/agora.xtec.cat\/ceip-lamonjoia\/general\/visita-de-la-laia-sauret\/","title":{"rendered":"Visita de la Laia Sauret"},"content":{"rendered":"<p>Ahir ens va visitar la Laia Sauret per comen\u00e7ar el projecte del mural que ens pintar\u00e0 a l&#8217;entrada de l&#8217;escola. Vam compartir un mat\u00ed fant\u00e0stic amb ella! Si entreu a cada un dels blogs de les classes ens veureu a tots en acci\u00f3. La Laia va venir a presentar-se i a recaptar molta informaci\u00f3 sobre nosaltres i l&#8217;escola. Va voler establir un di\u00e0leg molt personal i interessant amb els nens per tal de recopilar moltes idees d&#8217;ells que l&#8217;ajudaran a pensar com pintar\u00e0 el nostre mural. Gr\u00e0cies Laia, per aquesta estona compartida!\u00a0 Esperem haver-te inspirat molt i que pintis un mural ben xulo. A reveure, t&#8217;esperem al gener!<\/p>\n<p><a href=\"https:\/\/agora.xtec.cat\/ceip-lamonjoia\/wp-content\/uploads\/usu1254\/2023\/11\/portada-laia-sauret.png\"><img loading=\"lazy\" decoding=\"async\" class=\"alignnone size-full wp-image-19218\" src=\"https:\/\/agora.xtec.cat\/ceip-lamonjoia\/wp-content\/uploads\/usu1254\/2023\/11\/portada-laia-sauret.png\" alt=\"\" width=\"800\" height=\"928\" srcset=\"https:\/\/agora.xtec.cat\/ceip-lamonjoia\/wp-content\/uploads\/usu1254\/2023\/11\/portada-laia-sauret.png 800w, https:\/\/agora.xtec.cat\/ceip-lamonjoia\/wp-content\/uploads\/usu1254\/2023\/11\/portada-laia-sauret-259x300.png 259w, https:\/\/agora.xtec.cat\/ceip-lamonjoia\/wp-content\/uploads\/usu1254\/2023\/11\/portada-laia-sauret-768x891.png 768w\" sizes=\"auto, (max-width: 800px) 100vw, 800px\" \/><\/a><\/p>\n","protected":false},"excerpt":{"rendered":"<p>Ahir ens va visitar la Laia Sauret per comen\u00e7ar el projecte del mural que ens pintar\u00e0 a l&#8217;entrada de l&#8217;escola. Vam compartir un mat\u00ed fant\u00e0stic amb ella! Si entreu a cada un dels blogs de les classes ens veureu a tots en acci\u00f3. La Laia va venir a presentar-se i a recaptar molta informaci\u00f3 sobre [&hellip;]<\/p>\n","protected":false},"author":5,"featured_media":0,"comment_status":"open","ping_status":"closed","sticky":false,"template":"","format":"standard","meta":{"_bbp_topic_count":0,"_bbp_reply_count":0,"_bbp_total_topic_count":0,"_bbp_total_reply_count":0,"_bbp_voice_count":0,"_bbp_anonymous_reply_count":0,"_bbp_topic_count_hidden":0,"_bbp_reply_count_hidden":0,"_bbp_forum_subforum_count":0,"site-sidebar-layout":"default","site-content-layout":"","ast-site-content-layout":"","site-content-style":"default","site-sidebar-style":"default","ast-global-header-display":"","ast-banner-title-visibility":"","ast-main-header-display":"","ast-hfb-above-header-display":"","ast-hfb-below-header-display":"","ast-hfb-mobile-header-display":"","site-post-title":"","ast-breadcrumbs-content":"","ast-featured-img":"","footer-sml-layout":"","theme-transparent-header-meta":"","adv-header-id-meta":"","stick-header-meta":"","header-above-stick-meta":"","header-main-stick-meta":"","header-below-stick-meta":"","astra-migrate-meta-layouts":"default","ast-page-background-enabled":"default","ast-page-background-meta":{"desktop":{"background-color":"var(--ast-global-color-4)","background-image":"","background-repeat":"repeat","background-position":"center center","background-size":"auto","background-attachment":"scroll","background-type":"","background-media":"","overlay-type":"","overlay-color":"","overlay-opacity":"","overlay-gradient":""},"tablet":{"background-color":"","background-image":"","background-repeat":"repeat","background-position":"center center","background-size":"auto","background-attachment":"scroll","background-type":"","background-media":"","overlay-type":"","overlay-color":"","overlay-opacity":"","overlay-gradient":""},"mobile":{"background-color":"","background-image":"","background-repeat":"repeat","background-position":"center center","background-size":"auto","background-attachment":"scroll","background-type":"","background-media":"","overlay-type":"","overlay-color":"","overlay-opacity":"","overlay-gradient":""}},"ast-content-background-meta":{"desktop":{"background-color":"var(--ast-global-color-5)","background-image":"","background-repeat":"repeat","background-position":"center center","background-size":"auto","background-attachment":"scroll","background-type":"","background-media":"","overlay-type":"","overlay-color":"","overlay-opacity":"","overlay-gradient":""},"tablet":{"background-color":"var(--ast-global-color-5)","background-image":"","background-repeat":"repeat","background-position":"center center","background-size":"auto","background-attachment":"scroll","background-type":"","background-media":"","overlay-type":"","overlay-color":"","overlay-opacity":"","overlay-gradient":""},"mobile":{"background-color":"var(--ast-global-color-5)","background-image":"","background-repeat":"repeat","background-position":"center center","background-size":"auto","background-attachment":"scroll","background-type":"","background-media":"","overlay-type":"","overlay-color":"","overlay-opacity":"","overlay-gradient":""}},"footnotes":""},"categories":[1,4],"tags":[59,58,49,60,17,64,166],"class_list":["post-19217","post","type-post","status-publish","format-standard","hentry","category-general","category-portada","tag-cicle-inicial","tag-cicle-mitja","tag-cicle-superior","tag-eduacio-infantil","tag-plastica","tag-projecte-art","tag-projecte-mural-entrada"],"post_mailing_queue_ids":[],"_links":{"self":[{"href":"https:\/\/agora.xtec.cat\/ceip-lamonjoia\/wp-json\/wp\/v2\/posts\/19217","targetHints":{"allow":["GET"]}}],"collection":[{"href":"https:\/\/agora.xtec.cat\/ceip-lamonjoia\/wp-json\/wp\/v2\/posts"}],"about":[{"href":"https:\/\/agora.xtec.cat\/ceip-lamonjoia\/wp-json\/wp\/v2\/types\/post"}],"author":[{"embeddable":true,"href":"https:\/\/agora.xtec.cat\/ceip-lamonjoia\/wp-json\/wp\/v2\/users\/5"}],"replies":[{"embeddable":true,"href":"https:\/\/agora.xtec.cat\/ceip-lamonjoia\/wp-json\/wp\/v2\/comments?post=19217"}],"version-history":[{"count":2,"href":"https:\/\/agora.xtec.cat\/ceip-lamonjoia\/wp-json\/wp\/v2\/posts\/19217\/revisions"}],"predecessor-version":[{"id":19220,"href":"https:\/\/agora.xtec.cat\/ceip-lamonjoia\/wp-json\/wp\/v2\/posts\/19217\/revisions\/19220"}],"wp:attachment":[{"href":"https:\/\/agora.xtec.cat\/ceip-lamonjoia\/wp-json\/wp\/v2\/media?parent=19217"}],"wp:term":[{"taxonomy":"category","embeddable":true,"href":"https:\/\/agora.xtec.cat\/ceip-lamonjoia\/wp-json\/wp\/v2\/categories?post=19217"},{"taxonomy":"post_tag","embeddable":true,"href":"https:\/\/agora.xtec.cat\/ceip-lamonjoia\/wp-json\/wp\/v2\/tags?post=19217"}],"curies":[{"name":"wp","href":"https:\/\/api.w.org\/{rel}","templated":true}]}}