{"id":19044,"date":"2023-05-10T12:41:57","date_gmt":"2023-05-10T10:41:57","guid":{"rendered":"https:\/\/agora.xtec.cat\/ceip-lamonjoia\/?p=19044"},"modified":"2023-05-10T12:41:57","modified_gmt":"2023-05-10T10:41:57","slug":"laparell-locomotor-i-el-fonador","status":"publish","type":"post","link":"https:\/\/agora.xtec.cat\/ceip-lamonjoia\/primaria\/laparell-locomotor-i-el-fonador\/","title":{"rendered":"L&#8217;aparell locomotor i el fonador"},"content":{"rendered":"<p>Hola fam\u00edlies!<\/p>\n<p>Durant tot el segon trimestre vam treballar l&#8217;aparell locomotor: les seves funcions i caracter\u00edstiques, els diferents ossos i m\u00fasculs que el formen&#8230; A m\u00e9s, tamb\u00e9 hem conegut l&#8217;aparell fonador i com funcionen les nostres cordes vocals perqu\u00e8 surti la veu.<\/p>\n<p>Us deixem algunes imatges, ens sap greu el retard per\u00f2 aqu\u00ed les teniu!<\/p>\n<p>Esperem que us agradin!!<\/p>\n<p><a href=\"https:\/\/photos.app.goo.gl\/Jm9uSA4HmqWnEaYa8\"><img loading=\"lazy\" decoding=\"async\" class=\"alignnone size-large wp-image-19046\" src=\"https:\/\/agora.xtec.cat\/ceip-lamonjoia\/wp-content\/uploads\/usu1254\/2023\/05\/locomotor-1024x849.png\" alt=\"\" width=\"1024\" height=\"849\" srcset=\"https:\/\/agora.xtec.cat\/ceip-lamonjoia\/wp-content\/uploads\/usu1254\/2023\/05\/locomotor-1024x849.png 1024w, https:\/\/agora.xtec.cat\/ceip-lamonjoia\/wp-content\/uploads\/usu1254\/2023\/05\/locomotor-300x250.png 300w, https:\/\/agora.xtec.cat\/ceip-lamonjoia\/wp-content\/uploads\/usu1254\/2023\/05\/locomotor-768x637.png 768w, https:\/\/agora.xtec.cat\/ceip-lamonjoia\/wp-content\/uploads\/usu1254\/2023\/05\/locomotor.png 1105w\" sizes=\"auto, (max-width: 1024px) 100vw, 1024px\" \/><\/a><\/p>\n","protected":false},"excerpt":{"rendered":"<p>Hola fam\u00edlies! Durant tot el segon trimestre vam treballar l&#8217;aparell locomotor: les seves funcions i caracter\u00edstiques, els diferents ossos i m\u00fasculs que el formen&#8230; A m\u00e9s, tamb\u00e9 hem conegut l&#8217;aparell fonador i com funcionen les nostres cordes vocals perqu\u00e8 surti la veu. Us deixem algunes imatges, ens sap greu el retard per\u00f2 aqu\u00ed les teniu! [&hellip;]<\/p>\n","protected":false},"author":18,"featured_media":0,"comment_status":"open","ping_status":"closed","sticky":false,"template":"","format":"standard","meta":{"_bbp_topic_count":0,"_bbp_reply_count":0,"_bbp_total_topic_count":0,"_bbp_total_reply_count":0,"_bbp_voice_count":0,"_bbp_anonymous_reply_count":0,"_bbp_topic_count_hidden":0,"_bbp_reply_count_hidden":0,"_bbp_forum_subforum_count":0,"site-sidebar-layout":"default","site-content-layout":"","ast-site-content-layout":"","site-content-style":"default","site-sidebar-style":"default","ast-global-header-display":"","ast-banner-title-visibility":"","ast-main-header-display":"","ast-hfb-above-header-display":"","ast-hfb-below-header-display":"","ast-hfb-mobile-header-display":"","site-post-title":"","ast-breadcrumbs-content":"","ast-featured-img":"","footer-sml-layout":"","theme-transparent-header-meta":"","adv-header-id-meta":"","stick-header-meta":"","header-above-stick-meta":"","header-main-stick-meta":"","header-below-stick-meta":"","astra-migrate-meta-layouts":"default","ast-page-background-enabled":"default","ast-page-background-meta":{"desktop":{"background-color":"var(--ast-global-color-4)","background-image":"","background-repeat":"repeat","background-position":"center center","background-size":"auto","background-attachment":"scroll","background-type":"","background-media":"","overlay-type":"","overlay-color":"","overlay-opacity":"","overlay-gradient":""},"tablet":{"background-color":"","background-image":"","background-repeat":"repeat","background-position":"center center","background-size":"auto","background-attachment":"scroll","background-type":"","background-media":"","overlay-type":"","overlay-color":"","overlay-opacity":"","overlay-gradient":""},"mobile":{"background-color":"","background-image":"","background-repeat":"repeat","background-position":"center center","background-size":"auto","background-attachment":"scroll","background-type":"","background-media":"","overlay-type":"","overlay-color":"","overlay-opacity":"","overlay-gradient":""}},"ast-content-background-meta":{"desktop":{"background-color":"var(--ast-global-color-5)","background-image":"","background-repeat":"repeat","background-position":"center center","background-size":"auto","background-attachment":"scroll","background-type":"","background-media":"","overlay-type":"","overlay-color":"","overlay-opacity":"","overlay-gradient":""},"tablet":{"background-color":"var(--ast-global-color-5)","background-image":"","background-repeat":"repeat","background-position":"center center","background-size":"auto","background-attachment":"scroll","background-type":"","background-media":"","overlay-type":"","overlay-color":"","overlay-opacity":"","overlay-gradient":""},"mobile":{"background-color":"var(--ast-global-color-5)","background-image":"","background-repeat":"repeat","background-position":"center center","background-size":"auto","background-attachment":"scroll","background-type":"","background-media":"","overlay-type":"","overlay-color":"","overlay-opacity":"","overlay-gradient":""}},"footnotes":""},"categories":[12,5],"tags":[58,80,74],"class_list":["post-19044","post","type-post","status-publish","format-standard","hentry","category-cm","category-primaria","tag-cicle-mitja","tag-medi","tag-projecte"],"post_mailing_queue_ids":[],"_links":{"self":[{"href":"https:\/\/agora.xtec.cat\/ceip-lamonjoia\/wp-json\/wp\/v2\/posts\/19044","targetHints":{"allow":["GET"]}}],"collection":[{"href":"https:\/\/agora.xtec.cat\/ceip-lamonjoia\/wp-json\/wp\/v2\/posts"}],"about":[{"href":"https:\/\/agora.xtec.cat\/ceip-lamonjoia\/wp-json\/wp\/v2\/types\/post"}],"author":[{"embeddable":true,"href":"https:\/\/agora.xtec.cat\/ceip-lamonjoia\/wp-json\/wp\/v2\/users\/18"}],"replies":[{"embeddable":true,"href":"https:\/\/agora.xtec.cat\/ceip-lamonjoia\/wp-json\/wp\/v2\/comments?post=19044"}],"version-history":[{"count":3,"href":"https:\/\/agora.xtec.cat\/ceip-lamonjoia\/wp-json\/wp\/v2\/posts\/19044\/revisions"}],"predecessor-version":[{"id":19048,"href":"https:\/\/agora.xtec.cat\/ceip-lamonjoia\/wp-json\/wp\/v2\/posts\/19044\/revisions\/19048"}],"wp:attachment":[{"href":"https:\/\/agora.xtec.cat\/ceip-lamonjoia\/wp-json\/wp\/v2\/media?parent=19044"}],"wp:term":[{"taxonomy":"category","embeddable":true,"href":"https:\/\/agora.xtec.cat\/ceip-lamonjoia\/wp-json\/wp\/v2\/categories?post=19044"},{"taxonomy":"post_tag","embeddable":true,"href":"https:\/\/agora.xtec.cat\/ceip-lamonjoia\/wp-json\/wp\/v2\/tags?post=19044"}],"curies":[{"name":"wp","href":"https:\/\/api.w.org\/{rel}","templated":true}]}}