{"id":19016,"date":"2023-04-20T19:56:49","date_gmt":"2023-04-20T17:56:49","guid":{"rendered":"https:\/\/agora.xtec.cat\/ceip-lamonjoia\/?p=19016"},"modified":"2023-04-20T19:56:49","modified_gmt":"2023-04-20T17:56:49","slug":"ei-visita-pere-marti","status":"publish","type":"post","link":"https:\/\/agora.xtec.cat\/ceip-lamonjoia\/infantil\/ei-visita-pere-marti\/","title":{"rendered":"EI Visita Pere Mart\u00ed"},"content":{"rendered":"<p>Dilluns passat ens va visitar l&#8217;autor Pere Mart\u00ed. Vam poder-li explicar moltes coses que hav\u00edem treballat i apr\u00e8s dels seus llibres. Ell tamb\u00e9 va voler compartir amb nosaltres com \u00e9s l&#8217;ofici d&#8217;escriptor. Gr\u00e0cies Pere per ser tan simp\u00e0tic i agradable amb nosaltres!<\/p>\n<p><a href=\"https:\/\/photos.app.goo.gl\/e7GqBMf4URW5typC7\"><img loading=\"lazy\" decoding=\"async\" class=\"alignnone size-full wp-image-19017\" src=\"https:\/\/agora.xtec.cat\/ceip-lamonjoia\/wp-content\/uploads\/usu1254\/2023\/04\/I3-1.png\" alt=\"\" width=\"576\" height=\"428\" srcset=\"https:\/\/agora.xtec.cat\/ceip-lamonjoia\/wp-content\/uploads\/usu1254\/2023\/04\/I3-1.png 576w, https:\/\/agora.xtec.cat\/ceip-lamonjoia\/wp-content\/uploads\/usu1254\/2023\/04\/I3-1-300x223.png 300w, https:\/\/agora.xtec.cat\/ceip-lamonjoia\/wp-content\/uploads\/usu1254\/2023\/04\/I3-1-200x150.png 200w\" sizes=\"auto, (max-width: 576px) 100vw, 576px\" \/><\/a><\/p>\n<p><a href=\"https:\/\/photos.app.goo.gl\/bjqH91mBbVvHYDjN8\"><img loading=\"lazy\" decoding=\"async\" class=\"alignnone  wp-image-19018\" src=\"https:\/\/agora.xtec.cat\/ceip-lamonjoia\/wp-content\/uploads\/usu1254\/2023\/04\/i45.png\" alt=\"\" width=\"575\" height=\"464\" srcset=\"https:\/\/agora.xtec.cat\/ceip-lamonjoia\/wp-content\/uploads\/usu1254\/2023\/04\/i45.png 610w, https:\/\/agora.xtec.cat\/ceip-lamonjoia\/wp-content\/uploads\/usu1254\/2023\/04\/i45-300x242.png 300w\" sizes=\"auto, (max-width: 575px) 100vw, 575px\" \/><\/a><\/p>\n","protected":false},"excerpt":{"rendered":"<p>Dilluns passat ens va visitar l&#8217;autor Pere Mart\u00ed. Vam poder-li explicar moltes coses que hav\u00edem treballat i apr\u00e8s dels seus llibres. Ell tamb\u00e9 va voler compartir amb nosaltres com \u00e9s l&#8217;ofici d&#8217;escriptor. Gr\u00e0cies Pere per ser tan simp\u00e0tic i agradable amb nosaltres!<\/p>\n","protected":false},"author":5,"featured_media":0,"comment_status":"open","ping_status":"closed","sticky":false,"template":"","format":"standard","meta":{"_bbp_topic_count":0,"_bbp_reply_count":0,"_bbp_total_topic_count":0,"_bbp_total_reply_count":0,"_bbp_voice_count":0,"_bbp_anonymous_reply_count":0,"_bbp_topic_count_hidden":0,"_bbp_reply_count_hidden":0,"_bbp_forum_subforum_count":0,"site-sidebar-layout":"default","site-content-layout":"","ast-site-content-layout":"","site-content-style":"default","site-sidebar-style":"default","ast-global-header-display":"","ast-banner-title-visibility":"","ast-main-header-display":"","ast-hfb-above-header-display":"","ast-hfb-below-header-display":"","ast-hfb-mobile-header-display":"","site-post-title":"","ast-breadcrumbs-content":"","ast-featured-img":"","footer-sml-layout":"","theme-transparent-header-meta":"","adv-header-id-meta":"","stick-header-meta":"","header-above-stick-meta":"","header-main-stick-meta":"","header-below-stick-meta":"","astra-migrate-meta-layouts":"default","ast-page-background-enabled":"default","ast-page-background-meta":{"desktop":{"background-color":"var(--ast-global-color-4)","background-image":"","background-repeat":"repeat","background-position":"center center","background-size":"auto","background-attachment":"scroll","background-type":"","background-media":"","overlay-type":"","overlay-color":"","overlay-opacity":"","overlay-gradient":""},"tablet":{"background-color":"","background-image":"","background-repeat":"repeat","background-position":"center center","background-size":"auto","background-attachment":"scroll","background-type":"","background-media":"","overlay-type":"","overlay-color":"","overlay-opacity":"","overlay-gradient":""},"mobile":{"background-color":"","background-image":"","background-repeat":"repeat","background-position":"center center","background-size":"auto","background-attachment":"scroll","background-type":"","background-media":"","overlay-type":"","overlay-color":"","overlay-opacity":"","overlay-gradient":""}},"ast-content-background-meta":{"desktop":{"background-color":"var(--ast-global-color-5)","background-image":"","background-repeat":"repeat","background-position":"center center","background-size":"auto","background-attachment":"scroll","background-type":"","background-media":"","overlay-type":"","overlay-color":"","overlay-opacity":"","overlay-gradient":""},"tablet":{"background-color":"var(--ast-global-color-5)","background-image":"","background-repeat":"repeat","background-position":"center center","background-size":"auto","background-attachment":"scroll","background-type":"","background-media":"","overlay-type":"","overlay-color":"","overlay-opacity":"","overlay-gradient":""},"mobile":{"background-color":"var(--ast-global-color-5)","background-image":"","background-repeat":"repeat","background-position":"center center","background-size":"auto","background-attachment":"scroll","background-type":"","background-media":"","overlay-type":"","overlay-color":"","overlay-opacity":"","overlay-gradient":""}},"footnotes":""},"categories":[2,112,3,8,9],"tags":[155,84,60,52],"class_list":["post-19016","post","type-post","status-publish","format-standard","hentry","category-infantil","category-p-3","category-p-3-p-4-i-p-5","category-p4","category-p5","tag-autors-a-les-aules","tag-biblioteca","tag-eduacio-infantil","tag-jocsflorals"],"post_mailing_queue_ids":[],"_links":{"self":[{"href":"https:\/\/agora.xtec.cat\/ceip-lamonjoia\/wp-json\/wp\/v2\/posts\/19016","targetHints":{"allow":["GET"]}}],"collection":[{"href":"https:\/\/agora.xtec.cat\/ceip-lamonjoia\/wp-json\/wp\/v2\/posts"}],"about":[{"href":"https:\/\/agora.xtec.cat\/ceip-lamonjoia\/wp-json\/wp\/v2\/types\/post"}],"author":[{"embeddable":true,"href":"https:\/\/agora.xtec.cat\/ceip-lamonjoia\/wp-json\/wp\/v2\/users\/5"}],"replies":[{"embeddable":true,"href":"https:\/\/agora.xtec.cat\/ceip-lamonjoia\/wp-json\/wp\/v2\/comments?post=19016"}],"version-history":[{"count":1,"href":"https:\/\/agora.xtec.cat\/ceip-lamonjoia\/wp-json\/wp\/v2\/posts\/19016\/revisions"}],"predecessor-version":[{"id":19019,"href":"https:\/\/agora.xtec.cat\/ceip-lamonjoia\/wp-json\/wp\/v2\/posts\/19016\/revisions\/19019"}],"wp:attachment":[{"href":"https:\/\/agora.xtec.cat\/ceip-lamonjoia\/wp-json\/wp\/v2\/media?parent=19016"}],"wp:term":[{"taxonomy":"category","embeddable":true,"href":"https:\/\/agora.xtec.cat\/ceip-lamonjoia\/wp-json\/wp\/v2\/categories?post=19016"},{"taxonomy":"post_tag","embeddable":true,"href":"https:\/\/agora.xtec.cat\/ceip-lamonjoia\/wp-json\/wp\/v2\/tags?post=19016"}],"curies":[{"name":"wp","href":"https:\/\/api.w.org\/{rel}","templated":true}]}}